{"id":15316,"date":"2026-01-05T10:11:17","date_gmt":"2026-01-05T09:11:17","guid":{"rendered":"https:\/\/archives.legrandrepas.fr\/?p=15316"},"modified":"2026-01-05T10:11:28","modified_gmt":"2026-01-05T09:11:28","slug":"yannick-lourme-chef-dune-cuisine-collective-ou-on-ne-sert-pas-de-repas-de-cantine","status":"publish","type":"post","link":"https:\/\/archives.legrandrepas.fr\/2025\/yannick-lourme-chef-dune-cuisine-collective-ou-on-ne-sert-pas-de-repas-de-cantine\/","title":{"rendered":"Yannick Lourme, chef d\u2019une cuisine collective o\u00f9 on ne sert pas de repas de cantine"},"content":{"rendered":"<h2 class=\"text-center heading heading--h2\">Yannick Lourme, chef d\u2019une cuisine collective o\u00f9 on ne sert pas de repas de cantine<\/h2>\n<p>Le directeur de la cuisine centrale de Trith-Saint-L\u00e9ger est le parrain de l\u2019\u00e9dition 2025 du Grand Repas pour les Hauts-de-France. Ce chef milite pour une qualit\u00e9 de repas dans la restauration collective.<\/p>\n<p><a class=\"button button--primary\" href=\"https:\/\/www.lavoixdunord.fr\/1598947\/article\/2025-06-23\/yannick-lourme-chef-d-une-cuisine-collective-ou-ne-sert-pas-de-repas-de-cantine\">Lire la suite<\/a><\/p>\n","protected":false},"excerpt":{"rendered":"<p>Yannick Lourme, chef d\u2019une cuisine collective o\u00f9 on ne sert pas de repas de cantine Le directeur de la cuisine centrale de Trith-Saint-L\u00e9ger est le parrain de l\u2019\u00e9dition 2025 du Grand Repas pour les Hauts-de-France. Ce chef milite pour une qualit\u00e9 de repas dans la restauration collective. Lire la suite<\/p>\n","protected":false},"author":11,"featured_media":11091,"comment_status":"closed","ping_status":"closed","sticky":false,"template":"","format":"standard","meta":{"_acf_changed":false,"footnotes":""},"categories":[1],"tags":[],"class_list":["post-15316","post","type-post","status-publish","format-standard","has-post-thumbnail","hentry","category-non-classe"],"acf":[],"yoast_head":"<!-- This site is optimized with the Yoast SEO plugin v22.4 - https:\/\/yoast.com\/wordpress\/plugins\/seo\/ -->\n<title>Yannick Lourme, chef d\u2019une cuisine collective o\u00f9 on ne sert pas de repas de cantine - Le Grand Repas<\/title>\n<meta name=\"robots\" content=\"index, follow, max-snippet:-1, max-image-preview:large, max-video-preview:-1\" \/>\n<link rel=\"canonical\" href=\"https:\/\/archives.legrandrepas.fr\/2025\/yannick-lourme-chef-dune-cuisine-collective-ou-on-ne-sert-pas-de-repas-de-cantine\/\" \/>\n<meta property=\"og:locale\" content=\"fr_FR\" \/>\n<meta property=\"og:type\" content=\"article\" \/>\n<meta property=\"og:title\" content=\"Yannick Lourme, chef d\u2019une cuisine collective o\u00f9 on ne sert pas de repas de cantine - Le Grand Repas\" \/>\n<meta property=\"og:description\" content=\"Yannick Lourme, chef d\u2019une cuisine collective o\u00f9 on ne sert pas de repas de cantine Le directeur de la cuisine centrale de Trith-Saint-L\u00e9ger est le parrain de l\u2019\u00e9dition 2025 du Grand Repas pour les Hauts-de-France. Ce chef milite pour une qualit\u00e9 de repas dans la restauration collective. Lire la suite\" \/>\n<meta property=\"og:url\" content=\"https:\/\/archives.legrandrepas.fr\/2025\/yannick-lourme-chef-dune-cuisine-collective-ou-on-ne-sert-pas-de-repas-de-cantine\/\" \/>\n<meta property=\"og:site_name\" content=\"Le Grand Repas\" \/>\n<meta property=\"article:publisher\" content=\"https:\/\/www.facebook.com\/LeGrandRepas\/\" \/>\n<meta property=\"article:published_time\" content=\"2026-01-05T09:11:17+00:00\" \/>\n<meta property=\"article:modified_time\" content=\"2026-01-05T09:11:28+00:00\" \/>\n<meta property=\"og:image\" content=\"https:\/\/archives.legrandrepas.fr\/2025\/wp-content\/uploads\/2025\/06\/43503201.jpeg\" \/>\n\t<meta property=\"og:image:width\" content=\"864\" \/>\n\t<meta property=\"og:image:height\" content=\"486\" \/>\n\t<meta property=\"og:image:type\" content=\"image\/jpeg\" \/>\n<meta name=\"author\" content=\"EMMA FOUQUET\" \/>\n<meta name=\"twitter:card\" content=\"summary_large_image\" \/>\n<meta name=\"twitter:label1\" content=\"\u00c9crit par\" \/>\n\t<meta name=\"twitter:data1\" content=\"EMMA FOUQUET\" \/>\n\t<meta name=\"twitter:label2\" content=\"Dur\u00e9e de lecture estim\u00e9e\" \/>\n\t<meta name=\"twitter:data2\" content=\"1 minute\" \/>\n<script type=\"application\/ld+json\" class=\"yoast-schema-graph\">{\"@context\":\"https:\/\/schema.org\",\"@graph\":[{\"@type\":\"Article\",\"@id\":\"https:\/\/archives.legrandrepas.fr\/2025\/yannick-lourme-chef-dune-cuisine-collective-ou-on-ne-sert-pas-de-repas-de-cantine\/#article\",\"isPartOf\":{\"@id\":\"https:\/\/archives.legrandrepas.fr\/2025\/yannick-lourme-chef-dune-cuisine-collective-ou-on-ne-sert-pas-de-repas-de-cantine\/\"},\"author\":{\"name\":\"EMMA FOUQUET\",\"@id\":\"https:\/\/archives.legrandrepas.fr\/2025\/#\/schema\/person\/b4e70f903b8278f9f67062be06395db8\"},\"headline\":\"Yannick Lourme, chef d\u2019une cuisine collective o\u00f9 on ne sert pas de repas de cantine\",\"datePublished\":\"2026-01-05T09:11:17+00:00\",\"dateModified\":\"2026-01-05T09:11:28+00:00\",\"mainEntityOfPage\":{\"@id\":\"https:\/\/archives.legrandrepas.fr\/2025\/yannick-lourme-chef-dune-cuisine-collective-ou-on-ne-sert-pas-de-repas-de-cantine\/\"},\"wordCount\":68,\"publisher\":{\"@id\":\"https:\/\/archives.legrandrepas.fr\/2025\/#organization\"},\"image\":{\"@id\":\"https:\/\/archives.legrandrepas.fr\/2025\/yannick-lourme-chef-dune-cuisine-collective-ou-on-ne-sert-pas-de-repas-de-cantine\/#primaryimage\"},\"thumbnailUrl\":\"https:\/\/archives.legrandrepas.fr\/2025\/wp-content\/uploads\/2025\/06\/43503201.jpeg\",\"inLanguage\":\"fr-FR\"},{\"@type\":\"WebPage\",\"@id\":\"https:\/\/archives.legrandrepas.fr\/2025\/yannick-lourme-chef-dune-cuisine-collective-ou-on-ne-sert-pas-de-repas-de-cantine\/\",\"url\":\"https:\/\/archives.legrandrepas.fr\/2025\/yannick-lourme-chef-dune-cuisine-collective-ou-on-ne-sert-pas-de-repas-de-cantine\/\",\"name\":\"Yannick Lourme, chef d\u2019une cuisine collective o\u00f9 on ne sert pas de repas de cantine - Le Grand Repas\",\"isPartOf\":{\"@id\":\"https:\/\/archives.legrandrepas.fr\/2025\/#website\"},\"primaryImageOfPage\":{\"@id\":\"https:\/\/archives.legrandrepas.fr\/2025\/yannick-lourme-chef-dune-cuisine-collective-ou-on-ne-sert-pas-de-repas-de-cantine\/#primaryimage\"},\"image\":{\"@id\":\"https:\/\/archives.legrandrepas.fr\/2025\/yannick-lourme-chef-dune-cuisine-collective-ou-on-ne-sert-pas-de-repas-de-cantine\/#primaryimage\"},\"thumbnailUrl\":\"https:\/\/archives.legrandrepas.fr\/2025\/wp-content\/uploads\/2025\/06\/43503201.jpeg\",\"datePublished\":\"2026-01-05T09:11:17+00:00\",\"dateModified\":\"2026-01-05T09:11:28+00:00\",\"breadcrumb\":{\"@id\":\"https:\/\/archives.legrandrepas.fr\/2025\/yannick-lourme-chef-dune-cuisine-collective-ou-on-ne-sert-pas-de-repas-de-cantine\/#breadcrumb\"},\"inLanguage\":\"fr-FR\",\"potentialAction\":[{\"@type\":\"ReadAction\",\"target\":[\"https:\/\/archives.legrandrepas.fr\/2025\/yannick-lourme-chef-dune-cuisine-collective-ou-on-ne-sert-pas-de-repas-de-cantine\/\"]}]},{\"@type\":\"ImageObject\",\"inLanguage\":\"fr-FR\",\"@id\":\"https:\/\/archives.legrandrepas.fr\/2025\/yannick-lourme-chef-dune-cuisine-collective-ou-on-ne-sert-pas-de-repas-de-cantine\/#primaryimage\",\"url\":\"https:\/\/archives.legrandrepas.fr\/2025\/wp-content\/uploads\/2025\/06\/43503201.jpeg\",\"contentUrl\":\"https:\/\/archives.legrandrepas.fr\/2025\/wp-content\/uploads\/2025\/06\/43503201.jpeg\",\"width\":864,\"height\":486},{\"@type\":\"BreadcrumbList\",\"@id\":\"https:\/\/archives.legrandrepas.fr\/2025\/yannick-lourme-chef-dune-cuisine-collective-ou-on-ne-sert-pas-de-repas-de-cantine\/#breadcrumb\",\"itemListElement\":[{\"@type\":\"ListItem\",\"position\":1,\"name\":\"Accueil\",\"item\":\"https:\/\/archives.legrandrepas.fr\/2025\/\"},{\"@type\":\"ListItem\",\"position\":2,\"name\":\"Yannick Lourme, chef d\u2019une cuisine collective o\u00f9 on ne sert pas de repas de cantine\"}]},{\"@type\":\"WebSite\",\"@id\":\"https:\/\/archives.legrandrepas.fr\/2025\/#website\",\"url\":\"https:\/\/archives.legrandrepas.fr\/2025\/\",\"name\":\"Le Grand Repas\",\"description\":\"Le m\u00eame menu, le m\u00eame jour,  partag\u00e9 par tous les citoyens d&#039;un m\u00eame territoire\",\"publisher\":{\"@id\":\"https:\/\/archives.legrandrepas.fr\/2025\/#organization\"},\"potentialAction\":[{\"@type\":\"SearchAction\",\"target\":{\"@type\":\"EntryPoint\",\"urlTemplate\":\"https:\/\/archives.legrandrepas.fr\/2025\/?s={search_term_string}\"},\"query-input\":\"required name=search_term_string\"}],\"inLanguage\":\"fr-FR\"},{\"@type\":\"Organization\",\"@id\":\"https:\/\/archives.legrandrepas.fr\/2025\/#organization\",\"name\":\"Association Le Grand Repas\",\"url\":\"https:\/\/archives.legrandrepas.fr\/2025\/\",\"logo\":{\"@type\":\"ImageObject\",\"inLanguage\":\"fr-FR\",\"@id\":\"https:\/\/archives.legrandrepas.fr\/2025\/#\/schema\/logo\/image\/\",\"url\":\"https:\/\/archives.legrandrepas.fr\/wp-content\/uploads\/2022\/06\/logo-LGR.png\",\"contentUrl\":\"https:\/\/archives.legrandrepas.fr\/wp-content\/uploads\/2022\/06\/logo-LGR.png\",\"width\":1280,\"height\":1278,\"caption\":\"Association Le Grand Repas\"},\"image\":{\"@id\":\"https:\/\/archives.legrandrepas.fr\/2025\/#\/schema\/logo\/image\/\"},\"sameAs\":[\"https:\/\/www.facebook.com\/LeGrandRepas\/\",\"https:\/\/www.linkedin.com\/company\/79483218\/admin\/notifications\/all\/\",\"https:\/\/www.instagram.com\/LeGrandRepas\/\"]},{\"@type\":\"Person\",\"@id\":\"https:\/\/archives.legrandrepas.fr\/2025\/#\/schema\/person\/b4e70f903b8278f9f67062be06395db8\",\"name\":\"EMMA FOUQUET\",\"image\":{\"@type\":\"ImageObject\",\"inLanguage\":\"fr-FR\",\"@id\":\"https:\/\/archives.legrandrepas.fr\/2025\/#\/schema\/person\/image\/\",\"url\":\"https:\/\/secure.gravatar.com\/avatar\/a4a94f502e0629141d15865102af30da15157583385abe46738d0d953b3906f9?s=96&d=mm&r=g\",\"contentUrl\":\"https:\/\/secure.gravatar.com\/avatar\/a4a94f502e0629141d15865102af30da15157583385abe46738d0d953b3906f9?s=96&d=mm&r=g\",\"caption\":\"EMMA FOUQUET\"},\"url\":\"https:\/\/archives.legrandrepas.fr\/2025\"}]}<\/script>\n<!-- \/ Yoast SEO plugin. -->","yoast_head_json":{"title":"Yannick Lourme, chef d\u2019une cuisine collective o\u00f9 on ne sert pas de repas de cantine - Le Grand Repas","robots":{"index":"index","follow":"follow","max-snippet":"max-snippet:-1","max-image-preview":"max-image-preview:large","max-video-preview":"max-video-preview:-1"},"canonical":"https:\/\/archives.legrandrepas.fr\/2025\/yannick-lourme-chef-dune-cuisine-collective-ou-on-ne-sert-pas-de-repas-de-cantine\/","og_locale":"fr_FR","og_type":"article","og_title":"Yannick Lourme, chef d\u2019une cuisine collective o\u00f9 on ne sert pas de repas de cantine - Le Grand Repas","og_description":"Yannick Lourme, chef d\u2019une cuisine collective o\u00f9 on ne sert pas de repas de cantine Le directeur de la cuisine centrale de Trith-Saint-L\u00e9ger est le parrain de l\u2019\u00e9dition 2025 du Grand Repas pour les Hauts-de-France. Ce chef milite pour une qualit\u00e9 de repas dans la restauration collective. Lire la suite","og_url":"https:\/\/archives.legrandrepas.fr\/2025\/yannick-lourme-chef-dune-cuisine-collective-ou-on-ne-sert-pas-de-repas-de-cantine\/","og_site_name":"Le Grand Repas","article_publisher":"https:\/\/www.facebook.com\/LeGrandRepas\/","article_published_time":"2026-01-05T09:11:17+00:00","article_modified_time":"2026-01-05T09:11:28+00:00","og_image":[{"width":864,"height":486,"url":"https:\/\/archives.legrandrepas.fr\/2025\/wp-content\/uploads\/2025\/06\/43503201.jpeg","type":"image\/jpeg"}],"author":"EMMA FOUQUET","twitter_card":"summary_large_image","twitter_misc":{"\u00c9crit par":"EMMA FOUQUET","Dur\u00e9e de lecture estim\u00e9e":"1 minute"},"schema":{"@context":"https:\/\/schema.org","@graph":[{"@type":"Article","@id":"https:\/\/archives.legrandrepas.fr\/2025\/yannick-lourme-chef-dune-cuisine-collective-ou-on-ne-sert-pas-de-repas-de-cantine\/#article","isPartOf":{"@id":"https:\/\/archives.legrandrepas.fr\/2025\/yannick-lourme-chef-dune-cuisine-collective-ou-on-ne-sert-pas-de-repas-de-cantine\/"},"author":{"name":"EMMA FOUQUET","@id":"https:\/\/archives.legrandrepas.fr\/2025\/#\/schema\/person\/b4e70f903b8278f9f67062be06395db8"},"headline":"Yannick Lourme, chef d\u2019une cuisine collective o\u00f9 on ne sert pas de repas de cantine","datePublished":"2026-01-05T09:11:17+00:00","dateModified":"2026-01-05T09:11:28+00:00","mainEntityOfPage":{"@id":"https:\/\/archives.legrandrepas.fr\/2025\/yannick-lourme-chef-dune-cuisine-collective-ou-on-ne-sert-pas-de-repas-de-cantine\/"},"wordCount":68,"publisher":{"@id":"https:\/\/archives.legrandrepas.fr\/2025\/#organization"},"image":{"@id":"https:\/\/archives.legrandrepas.fr\/2025\/yannick-lourme-chef-dune-cuisine-collective-ou-on-ne-sert-pas-de-repas-de-cantine\/#primaryimage"},"thumbnailUrl":"https:\/\/archives.legrandrepas.fr\/2025\/wp-content\/uploads\/2025\/06\/43503201.jpeg","inLanguage":"fr-FR"},{"@type":"WebPage","@id":"https:\/\/archives.legrandrepas.fr\/2025\/yannick-lourme-chef-dune-cuisine-collective-ou-on-ne-sert-pas-de-repas-de-cantine\/","url":"https:\/\/archives.legrandrepas.fr\/2025\/yannick-lourme-chef-dune-cuisine-collective-ou-on-ne-sert-pas-de-repas-de-cantine\/","name":"Yannick Lourme, chef d\u2019une cuisine collective o\u00f9 on ne sert pas de repas de cantine - Le Grand Repas","isPartOf":{"@id":"https:\/\/archives.legrandrepas.fr\/2025\/#website"},"primaryImageOfPage":{"@id":"https:\/\/archives.legrandrepas.fr\/2025\/yannick-lourme-chef-dune-cuisine-collective-ou-on-ne-sert-pas-de-repas-de-cantine\/#primaryimage"},"image":{"@id":"https:\/\/archives.legrandrepas.fr\/2025\/yannick-lourme-chef-dune-cuisine-collective-ou-on-ne-sert-pas-de-repas-de-cantine\/#primaryimage"},"thumbnailUrl":"https:\/\/archives.legrandrepas.fr\/2025\/wp-content\/uploads\/2025\/06\/43503201.jpeg","datePublished":"2026-01-05T09:11:17+00:00","dateModified":"2026-01-05T09:11:28+00:00","breadcrumb":{"@id":"https:\/\/archives.legrandrepas.fr\/2025\/yannick-lourme-chef-dune-cuisine-collective-ou-on-ne-sert-pas-de-repas-de-cantine\/#breadcrumb"},"inLanguage":"fr-FR","potentialAction":[{"@type":"ReadAction","target":["https:\/\/archives.legrandrepas.fr\/2025\/yannick-lourme-chef-dune-cuisine-collective-ou-on-ne-sert-pas-de-repas-de-cantine\/"]}]},{"@type":"ImageObject","inLanguage":"fr-FR","@id":"https:\/\/archives.legrandrepas.fr\/2025\/yannick-lourme-chef-dune-cuisine-collective-ou-on-ne-sert-pas-de-repas-de-cantine\/#primaryimage","url":"https:\/\/archives.legrandrepas.fr\/2025\/wp-content\/uploads\/2025\/06\/43503201.jpeg","contentUrl":"https:\/\/archives.legrandrepas.fr\/2025\/wp-content\/uploads\/2025\/06\/43503201.jpeg","width":864,"height":486},{"@type":"BreadcrumbList","@id":"https:\/\/archives.legrandrepas.fr\/2025\/yannick-lourme-chef-dune-cuisine-collective-ou-on-ne-sert-pas-de-repas-de-cantine\/#breadcrumb","itemListElement":[{"@type":"ListItem","position":1,"name":"Accueil","item":"https:\/\/archives.legrandrepas.fr\/2025\/"},{"@type":"ListItem","position":2,"name":"Yannick Lourme, chef d\u2019une cuisine collective o\u00f9 on ne sert pas de repas de cantine"}]},{"@type":"WebSite","@id":"https:\/\/archives.legrandrepas.fr\/2025\/#website","url":"https:\/\/archives.legrandrepas.fr\/2025\/","name":"Le Grand Repas","description":"Le m\u00eame menu, le m\u00eame jour,  partag\u00e9 par tous les citoyens d&#039;un m\u00eame territoire","publisher":{"@id":"https:\/\/archives.legrandrepas.fr\/2025\/#organization"},"potentialAction":[{"@type":"SearchAction","target":{"@type":"EntryPoint","urlTemplate":"https:\/\/archives.legrandrepas.fr\/2025\/?s={search_term_string}"},"query-input":"required name=search_term_string"}],"inLanguage":"fr-FR"},{"@type":"Organization","@id":"https:\/\/archives.legrandrepas.fr\/2025\/#organization","name":"Association Le Grand Repas","url":"https:\/\/archives.legrandrepas.fr\/2025\/","logo":{"@type":"ImageObject","inLanguage":"fr-FR","@id":"https:\/\/archives.legrandrepas.fr\/2025\/#\/schema\/logo\/image\/","url":"https:\/\/archives.legrandrepas.fr\/wp-content\/uploads\/2022\/06\/logo-LGR.png","contentUrl":"https:\/\/archives.legrandrepas.fr\/wp-content\/uploads\/2022\/06\/logo-LGR.png","width":1280,"height":1278,"caption":"Association Le Grand Repas"},"image":{"@id":"https:\/\/archives.legrandrepas.fr\/2025\/#\/schema\/logo\/image\/"},"sameAs":["https:\/\/www.facebook.com\/LeGrandRepas\/","https:\/\/www.linkedin.com\/company\/79483218\/admin\/notifications\/all\/","https:\/\/www.instagram.com\/LeGrandRepas\/"]},{"@type":"Person","@id":"https:\/\/archives.legrandrepas.fr\/2025\/#\/schema\/person\/b4e70f903b8278f9f67062be06395db8","name":"EMMA FOUQUET","image":{"@type":"ImageObject","inLanguage":"fr-FR","@id":"https:\/\/archives.legrandrepas.fr\/2025\/#\/schema\/person\/image\/","url":"https:\/\/secure.gravatar.com\/avatar\/a4a94f502e0629141d15865102af30da15157583385abe46738d0d953b3906f9?s=96&d=mm&r=g","contentUrl":"https:\/\/secure.gravatar.com\/avatar\/a4a94f502e0629141d15865102af30da15157583385abe46738d0d953b3906f9?s=96&d=mm&r=g","caption":"EMMA FOUQUET"},"url":"https:\/\/archives.legrandrepas.fr\/2025"}]}},"_links":{"self":[{"href":"https:\/\/archives.legrandrepas.fr\/2025\/wp-json\/wp\/v2\/posts\/15316","targetHints":{"allow":["GET"]}}],"collection":[{"href":"https:\/\/archives.legrandrepas.fr\/2025\/wp-json\/wp\/v2\/posts"}],"about":[{"href":"https:\/\/archives.legrandrepas.fr\/2025\/wp-json\/wp\/v2\/types\/post"}],"author":[{"embeddable":true,"href":"https:\/\/archives.legrandrepas.fr\/2025\/wp-json\/wp\/v2\/users\/11"}],"replies":[{"embeddable":true,"href":"https:\/\/archives.legrandrepas.fr\/2025\/wp-json\/wp\/v2\/comments?post=15316"}],"version-history":[{"count":2,"href":"https:\/\/archives.legrandrepas.fr\/2025\/wp-json\/wp\/v2\/posts\/15316\/revisions"}],"predecessor-version":[{"id":15320,"href":"https:\/\/archives.legrandrepas.fr\/2025\/wp-json\/wp\/v2\/posts\/15316\/revisions\/15320"}],"wp:featuredmedia":[{"embeddable":true,"href":"https:\/\/archives.legrandrepas.fr\/2025\/wp-json\/wp\/v2\/media\/11091"}],"wp:attachment":[{"href":"https:\/\/archives.legrandrepas.fr\/2025\/wp-json\/wp\/v2\/media?parent=15316"}],"wp:term":[{"taxonomy":"category","embeddable":true,"href":"https:\/\/archives.legrandrepas.fr\/2025\/wp-json\/wp\/v2\/categories?post=15316"},{"taxonomy":"post_tag","embeddable":true,"href":"https:\/\/archives.legrandrepas.fr\/2025\/wp-json\/wp\/v2\/tags?post=15316"}],"curies":[{"name":"wp","href":"https:\/\/api.w.org\/{rel}","templated":true}]}}