{"id":15333,"date":"2026-01-05T10:48:37","date_gmt":"2026-01-05T09:48:37","guid":{"rendered":"https:\/\/archives.legrandrepas.fr\/?p=15333"},"modified":"2026-01-05T10:48:37","modified_gmt":"2026-01-05T09:48:37","slug":"https-www-leprogres-fr-magazine-cuisine-et-vins-2025-10-02-6e-edition-du-grand-repas-la-region-auvergne-rhone-alpes-mise-en-lumiere","status":"publish","type":"post","link":"https:\/\/archives.legrandrepas.fr\/2025\/https-www-leprogres-fr-magazine-cuisine-et-vins-2025-10-02-6e-edition-du-grand-repas-la-region-auvergne-rhone-alpes-mise-en-lumiere\/","title":{"rendered":"6e \u00e9dition du Grand Repas : la r\u00e9gion Auvergne-Rh\u00f4ne-Alpes mise en lumi\u00e8re"},"content":{"rendered":"<h2 class=\"text-center heading heading--h2\">6e \u00e9dition du Grand Repas : la r\u00e9gion Auvergne-Rh\u00f4ne-Alpes mise en lumi\u00e8re<\/h2>\n<p>Cet \u00e9v\u00e9nement national d\u2019une alimentation saine et durable aura lieu le jeudi 9\u00a0octobre partout en France. Pour cette sixi\u00e8me \u00e9dition, ce sont les d\u00e9partements de la r\u00e9gion Auvergne-Rh\u00f4ne-Alpes qui sont mis \u00e0 l\u2019honneur.<\/p>\n<p><a class=\"button button--primary\" href=\"https:\/\/www.leprogres.fr\/magazine-cuisine-et-vins\/2025\/10\/02\/6e-edition-du-grand-repas-la-region-auvergne-rhone-alpes-mise-en-lumiere\">Lire la suite<\/a><\/p>\n","protected":false},"excerpt":{"rendered":"<p>6e \u00e9dition du Grand Repas : la r\u00e9gion Auvergne-Rh\u00f4ne-Alpes mise en lumi\u00e8re Cet \u00e9v\u00e9nement national d\u2019une alimentation saine et durable aura lieu le jeudi 9\u00a0octobre partout en France. Pour cette sixi\u00e8me \u00e9dition, ce sont les d\u00e9partements de la r\u00e9gion Auvergne-Rh\u00f4ne-Alpes qui sont mis \u00e0 l\u2019honneur. Lire la suite<\/p>\n","protected":false},"author":11,"featured_media":15334,"comment_status":"closed","ping_status":"closed","sticky":false,"template":"","format":"standard","meta":{"_acf_changed":false,"footnotes":""},"categories":[1],"tags":[],"class_list":["post-15333","post","type-post","status-publish","format-standard","has-post-thumbnail","hentry","category-non-classe"],"acf":[],"yoast_head":"<!-- This site is optimized with the Yoast SEO plugin v22.4 - https:\/\/yoast.com\/wordpress\/plugins\/seo\/ -->\n<title>6e \u00e9dition du Grand Repas : la r\u00e9gion Auvergne-Rh\u00f4ne-Alpes mise en lumi\u00e8re - Le Grand Repas<\/title>\n<meta name=\"robots\" content=\"index, follow, max-snippet:-1, max-image-preview:large, max-video-preview:-1\" \/>\n<link rel=\"canonical\" href=\"https:\/\/archives.legrandrepas.fr\/2025\/https-www-leprogres-fr-magazine-cuisine-et-vins-2025-10-02-6e-edition-du-grand-repas-la-region-auvergne-rhone-alpes-mise-en-lumiere\/\" \/>\n<meta property=\"og:locale\" content=\"fr_FR\" \/>\n<meta property=\"og:type\" content=\"article\" \/>\n<meta property=\"og:title\" content=\"6e \u00e9dition du Grand Repas : la r\u00e9gion Auvergne-Rh\u00f4ne-Alpes mise en lumi\u00e8re - Le Grand Repas\" \/>\n<meta property=\"og:description\" content=\"6e \u00e9dition du Grand Repas : la r\u00e9gion Auvergne-Rh\u00f4ne-Alpes mise en lumi\u00e8re Cet \u00e9v\u00e9nement national d\u2019une alimentation saine et durable aura lieu le jeudi 9\u00a0octobre partout en France. Pour cette sixi\u00e8me \u00e9dition, ce sont les d\u00e9partements de la r\u00e9gion Auvergne-Rh\u00f4ne-Alpes qui sont mis \u00e0 l\u2019honneur. Lire la suite\" \/>\n<meta property=\"og:url\" content=\"https:\/\/archives.legrandrepas.fr\/2025\/https-www-leprogres-fr-magazine-cuisine-et-vins-2025-10-02-6e-edition-du-grand-repas-la-region-auvergne-rhone-alpes-mise-en-lumiere\/\" \/>\n<meta property=\"og:site_name\" content=\"Le Grand Repas\" \/>\n<meta property=\"article:publisher\" content=\"https:\/\/www.facebook.com\/LeGrandRepas\/\" \/>\n<meta property=\"article:published_time\" content=\"2026-01-05T09:48:37+00:00\" \/>\n<meta property=\"og:image\" content=\"https:\/\/archives.legrandrepas.fr\/2025\/wp-content\/uploads\/2026\/01\/Capture-decran-2026-01-05-104037.png\" \/>\n\t<meta property=\"og:image:width\" content=\"1085\" \/>\n\t<meta property=\"og:image:height\" content=\"785\" \/>\n\t<meta property=\"og:image:type\" content=\"image\/png\" \/>\n<meta name=\"author\" content=\"EMMA FOUQUET\" \/>\n<meta name=\"twitter:card\" content=\"summary_large_image\" \/>\n<meta name=\"twitter:label1\" content=\"\u00c9crit par\" \/>\n\t<meta name=\"twitter:data1\" content=\"EMMA FOUQUET\" \/>\n\t<meta name=\"twitter:label2\" content=\"Dur\u00e9e de lecture estim\u00e9e\" \/>\n\t<meta name=\"twitter:data2\" content=\"1 minute\" \/>\n<script type=\"application\/ld+json\" class=\"yoast-schema-graph\">{\"@context\":\"https:\/\/schema.org\",\"@graph\":[{\"@type\":\"Article\",\"@id\":\"https:\/\/archives.legrandrepas.fr\/2025\/https-www-leprogres-fr-magazine-cuisine-et-vins-2025-10-02-6e-edition-du-grand-repas-la-region-auvergne-rhone-alpes-mise-en-lumiere\/#article\",\"isPartOf\":{\"@id\":\"https:\/\/archives.legrandrepas.fr\/2025\/https-www-leprogres-fr-magazine-cuisine-et-vins-2025-10-02-6e-edition-du-grand-repas-la-region-auvergne-rhone-alpes-mise-en-lumiere\/\"},\"author\":{\"name\":\"EMMA FOUQUET\",\"@id\":\"https:\/\/archives.legrandrepas.fr\/2025\/#\/schema\/person\/b4e70f903b8278f9f67062be06395db8\"},\"headline\":\"6e \u00e9dition du Grand Repas : la r\u00e9gion Auvergne-Rh\u00f4ne-Alpes mise en lumi\u00e8re\",\"datePublished\":\"2026-01-05T09:48:37+00:00\",\"dateModified\":\"2026-01-05T09:48:37+00:00\",\"mainEntityOfPage\":{\"@id\":\"https:\/\/archives.legrandrepas.fr\/2025\/https-www-leprogres-fr-magazine-cuisine-et-vins-2025-10-02-6e-edition-du-grand-repas-la-region-auvergne-rhone-alpes-mise-en-lumiere\/\"},\"wordCount\":70,\"publisher\":{\"@id\":\"https:\/\/archives.legrandrepas.fr\/2025\/#organization\"},\"image\":{\"@id\":\"https:\/\/archives.legrandrepas.fr\/2025\/https-www-leprogres-fr-magazine-cuisine-et-vins-2025-10-02-6e-edition-du-grand-repas-la-region-auvergne-rhone-alpes-mise-en-lumiere\/#primaryimage\"},\"thumbnailUrl\":\"https:\/\/archives.legrandrepas.fr\/2025\/wp-content\/uploads\/2026\/01\/Capture-decran-2026-01-05-104037.png\",\"inLanguage\":\"fr-FR\"},{\"@type\":\"WebPage\",\"@id\":\"https:\/\/archives.legrandrepas.fr\/2025\/https-www-leprogres-fr-magazine-cuisine-et-vins-2025-10-02-6e-edition-du-grand-repas-la-region-auvergne-rhone-alpes-mise-en-lumiere\/\",\"url\":\"https:\/\/archives.legrandrepas.fr\/2025\/https-www-leprogres-fr-magazine-cuisine-et-vins-2025-10-02-6e-edition-du-grand-repas-la-region-auvergne-rhone-alpes-mise-en-lumiere\/\",\"name\":\"6e \u00e9dition du Grand Repas : la r\u00e9gion Auvergne-Rh\u00f4ne-Alpes mise en lumi\u00e8re - Le Grand Repas\",\"isPartOf\":{\"@id\":\"https:\/\/archives.legrandrepas.fr\/2025\/#website\"},\"primaryImageOfPage\":{\"@id\":\"https:\/\/archives.legrandrepas.fr\/2025\/https-www-leprogres-fr-magazine-cuisine-et-vins-2025-10-02-6e-edition-du-grand-repas-la-region-auvergne-rhone-alpes-mise-en-lumiere\/#primaryimage\"},\"image\":{\"@id\":\"https:\/\/archives.legrandrepas.fr\/2025\/https-www-leprogres-fr-magazine-cuisine-et-vins-2025-10-02-6e-edition-du-grand-repas-la-region-auvergne-rhone-alpes-mise-en-lumiere\/#primaryimage\"},\"thumbnailUrl\":\"https:\/\/archives.legrandrepas.fr\/2025\/wp-content\/uploads\/2026\/01\/Capture-decran-2026-01-05-104037.png\",\"datePublished\":\"2026-01-05T09:48:37+00:00\",\"dateModified\":\"2026-01-05T09:48:37+00:00\",\"breadcrumb\":{\"@id\":\"https:\/\/archives.legrandrepas.fr\/2025\/https-www-leprogres-fr-magazine-cuisine-et-vins-2025-10-02-6e-edition-du-grand-repas-la-region-auvergne-rhone-alpes-mise-en-lumiere\/#breadcrumb\"},\"inLanguage\":\"fr-FR\",\"potentialAction\":[{\"@type\":\"ReadAction\",\"target\":[\"https:\/\/archives.legrandrepas.fr\/2025\/https-www-leprogres-fr-magazine-cuisine-et-vins-2025-10-02-6e-edition-du-grand-repas-la-region-auvergne-rhone-alpes-mise-en-lumiere\/\"]}]},{\"@type\":\"ImageObject\",\"inLanguage\":\"fr-FR\",\"@id\":\"https:\/\/archives.legrandrepas.fr\/2025\/https-www-leprogres-fr-magazine-cuisine-et-vins-2025-10-02-6e-edition-du-grand-repas-la-region-auvergne-rhone-alpes-mise-en-lumiere\/#primaryimage\",\"url\":\"https:\/\/archives.legrandrepas.fr\/2025\/wp-content\/uploads\/2026\/01\/Capture-decran-2026-01-05-104037.png\",\"contentUrl\":\"https:\/\/archives.legrandrepas.fr\/2025\/wp-content\/uploads\/2026\/01\/Capture-decran-2026-01-05-104037.png\",\"width\":1085,\"height\":785},{\"@type\":\"BreadcrumbList\",\"@id\":\"https:\/\/archives.legrandrepas.fr\/2025\/https-www-leprogres-fr-magazine-cuisine-et-vins-2025-10-02-6e-edition-du-grand-repas-la-region-auvergne-rhone-alpes-mise-en-lumiere\/#breadcrumb\",\"itemListElement\":[{\"@type\":\"ListItem\",\"position\":1,\"name\":\"Accueil\",\"item\":\"https:\/\/archives.legrandrepas.fr\/2025\/\"},{\"@type\":\"ListItem\",\"position\":2,\"name\":\"6e \u00e9dition du Grand Repas : la r\u00e9gion Auvergne-Rh\u00f4ne-Alpes mise en lumi\u00e8re\"}]},{\"@type\":\"WebSite\",\"@id\":\"https:\/\/archives.legrandrepas.fr\/2025\/#website\",\"url\":\"https:\/\/archives.legrandrepas.fr\/2025\/\",\"name\":\"Le Grand Repas\",\"description\":\"Le m\u00eame menu, le m\u00eame jour,  partag\u00e9 par tous les citoyens d&#039;un m\u00eame territoire\",\"publisher\":{\"@id\":\"https:\/\/archives.legrandrepas.fr\/2025\/#organization\"},\"potentialAction\":[{\"@type\":\"SearchAction\",\"target\":{\"@type\":\"EntryPoint\",\"urlTemplate\":\"https:\/\/archives.legrandrepas.fr\/2025\/?s={search_term_string}\"},\"query-input\":\"required name=search_term_string\"}],\"inLanguage\":\"fr-FR\"},{\"@type\":\"Organization\",\"@id\":\"https:\/\/archives.legrandrepas.fr\/2025\/#organization\",\"name\":\"Association Le Grand Repas\",\"url\":\"https:\/\/archives.legrandrepas.fr\/2025\/\",\"logo\":{\"@type\":\"ImageObject\",\"inLanguage\":\"fr-FR\",\"@id\":\"https:\/\/archives.legrandrepas.fr\/2025\/#\/schema\/logo\/image\/\",\"url\":\"https:\/\/archives.legrandrepas.fr\/wp-content\/uploads\/2022\/06\/logo-LGR.png\",\"contentUrl\":\"https:\/\/archives.legrandrepas.fr\/wp-content\/uploads\/2022\/06\/logo-LGR.png\",\"width\":1280,\"height\":1278,\"caption\":\"Association Le Grand Repas\"},\"image\":{\"@id\":\"https:\/\/archives.legrandrepas.fr\/2025\/#\/schema\/logo\/image\/\"},\"sameAs\":[\"https:\/\/www.facebook.com\/LeGrandRepas\/\",\"https:\/\/www.linkedin.com\/company\/79483218\/admin\/notifications\/all\/\",\"https:\/\/www.instagram.com\/LeGrandRepas\/\"]},{\"@type\":\"Person\",\"@id\":\"https:\/\/archives.legrandrepas.fr\/2025\/#\/schema\/person\/b4e70f903b8278f9f67062be06395db8\",\"name\":\"EMMA FOUQUET\",\"image\":{\"@type\":\"ImageObject\",\"inLanguage\":\"fr-FR\",\"@id\":\"https:\/\/archives.legrandrepas.fr\/2025\/#\/schema\/person\/image\/\",\"url\":\"https:\/\/secure.gravatar.com\/avatar\/a4a94f502e0629141d15865102af30da15157583385abe46738d0d953b3906f9?s=96&d=mm&r=g\",\"contentUrl\":\"https:\/\/secure.gravatar.com\/avatar\/a4a94f502e0629141d15865102af30da15157583385abe46738d0d953b3906f9?s=96&d=mm&r=g\",\"caption\":\"EMMA FOUQUET\"},\"url\":\"https:\/\/archives.legrandrepas.fr\/2025\"}]}<\/script>\n<!-- \/ Yoast SEO plugin. -->","yoast_head_json":{"title":"6e \u00e9dition du Grand Repas : la r\u00e9gion Auvergne-Rh\u00f4ne-Alpes mise en lumi\u00e8re - Le Grand Repas","robots":{"index":"index","follow":"follow","max-snippet":"max-snippet:-1","max-image-preview":"max-image-preview:large","max-video-preview":"max-video-preview:-1"},"canonical":"https:\/\/archives.legrandrepas.fr\/2025\/https-www-leprogres-fr-magazine-cuisine-et-vins-2025-10-02-6e-edition-du-grand-repas-la-region-auvergne-rhone-alpes-mise-en-lumiere\/","og_locale":"fr_FR","og_type":"article","og_title":"6e \u00e9dition du Grand Repas : la r\u00e9gion Auvergne-Rh\u00f4ne-Alpes mise en lumi\u00e8re - Le Grand Repas","og_description":"6e \u00e9dition du Grand Repas : la r\u00e9gion Auvergne-Rh\u00f4ne-Alpes mise en lumi\u00e8re Cet \u00e9v\u00e9nement national d\u2019une alimentation saine et durable aura lieu le jeudi 9\u00a0octobre partout en France. Pour cette sixi\u00e8me \u00e9dition, ce sont les d\u00e9partements de la r\u00e9gion Auvergne-Rh\u00f4ne-Alpes qui sont mis \u00e0 l\u2019honneur. Lire la suite","og_url":"https:\/\/archives.legrandrepas.fr\/2025\/https-www-leprogres-fr-magazine-cuisine-et-vins-2025-10-02-6e-edition-du-grand-repas-la-region-auvergne-rhone-alpes-mise-en-lumiere\/","og_site_name":"Le Grand Repas","article_publisher":"https:\/\/www.facebook.com\/LeGrandRepas\/","article_published_time":"2026-01-05T09:48:37+00:00","og_image":[{"width":1085,"height":785,"url":"https:\/\/archives.legrandrepas.fr\/2025\/wp-content\/uploads\/2026\/01\/Capture-decran-2026-01-05-104037.png","type":"image\/png"}],"author":"EMMA FOUQUET","twitter_card":"summary_large_image","twitter_misc":{"\u00c9crit par":"EMMA FOUQUET","Dur\u00e9e de lecture estim\u00e9e":"1 minute"},"schema":{"@context":"https:\/\/schema.org","@graph":[{"@type":"Article","@id":"https:\/\/archives.legrandrepas.fr\/2025\/https-www-leprogres-fr-magazine-cuisine-et-vins-2025-10-02-6e-edition-du-grand-repas-la-region-auvergne-rhone-alpes-mise-en-lumiere\/#article","isPartOf":{"@id":"https:\/\/archives.legrandrepas.fr\/2025\/https-www-leprogres-fr-magazine-cuisine-et-vins-2025-10-02-6e-edition-du-grand-repas-la-region-auvergne-rhone-alpes-mise-en-lumiere\/"},"author":{"name":"EMMA FOUQUET","@id":"https:\/\/archives.legrandrepas.fr\/2025\/#\/schema\/person\/b4e70f903b8278f9f67062be06395db8"},"headline":"6e \u00e9dition du Grand Repas : la r\u00e9gion Auvergne-Rh\u00f4ne-Alpes mise en lumi\u00e8re","datePublished":"2026-01-05T09:48:37+00:00","dateModified":"2026-01-05T09:48:37+00:00","mainEntityOfPage":{"@id":"https:\/\/archives.legrandrepas.fr\/2025\/https-www-leprogres-fr-magazine-cuisine-et-vins-2025-10-02-6e-edition-du-grand-repas-la-region-auvergne-rhone-alpes-mise-en-lumiere\/"},"wordCount":70,"publisher":{"@id":"https:\/\/archives.legrandrepas.fr\/2025\/#organization"},"image":{"@id":"https:\/\/archives.legrandrepas.fr\/2025\/https-www-leprogres-fr-magazine-cuisine-et-vins-2025-10-02-6e-edition-du-grand-repas-la-region-auvergne-rhone-alpes-mise-en-lumiere\/#primaryimage"},"thumbnailUrl":"https:\/\/archives.legrandrepas.fr\/2025\/wp-content\/uploads\/2026\/01\/Capture-decran-2026-01-05-104037.png","inLanguage":"fr-FR"},{"@type":"WebPage","@id":"https:\/\/archives.legrandrepas.fr\/2025\/https-www-leprogres-fr-magazine-cuisine-et-vins-2025-10-02-6e-edition-du-grand-repas-la-region-auvergne-rhone-alpes-mise-en-lumiere\/","url":"https:\/\/archives.legrandrepas.fr\/2025\/https-www-leprogres-fr-magazine-cuisine-et-vins-2025-10-02-6e-edition-du-grand-repas-la-region-auvergne-rhone-alpes-mise-en-lumiere\/","name":"6e \u00e9dition du Grand Repas : la r\u00e9gion Auvergne-Rh\u00f4ne-Alpes mise en lumi\u00e8re - Le Grand Repas","isPartOf":{"@id":"https:\/\/archives.legrandrepas.fr\/2025\/#website"},"primaryImageOfPage":{"@id":"https:\/\/archives.legrandrepas.fr\/2025\/https-www-leprogres-fr-magazine-cuisine-et-vins-2025-10-02-6e-edition-du-grand-repas-la-region-auvergne-rhone-alpes-mise-en-lumiere\/#primaryimage"},"image":{"@id":"https:\/\/archives.legrandrepas.fr\/2025\/https-www-leprogres-fr-magazine-cuisine-et-vins-2025-10-02-6e-edition-du-grand-repas-la-region-auvergne-rhone-alpes-mise-en-lumiere\/#primaryimage"},"thumbnailUrl":"https:\/\/archives.legrandrepas.fr\/2025\/wp-content\/uploads\/2026\/01\/Capture-decran-2026-01-05-104037.png","datePublished":"2026-01-05T09:48:37+00:00","dateModified":"2026-01-05T09:48:37+00:00","breadcrumb":{"@id":"https:\/\/archives.legrandrepas.fr\/2025\/https-www-leprogres-fr-magazine-cuisine-et-vins-2025-10-02-6e-edition-du-grand-repas-la-region-auvergne-rhone-alpes-mise-en-lumiere\/#breadcrumb"},"inLanguage":"fr-FR","potentialAction":[{"@type":"ReadAction","target":["https:\/\/archives.legrandrepas.fr\/2025\/https-www-leprogres-fr-magazine-cuisine-et-vins-2025-10-02-6e-edition-du-grand-repas-la-region-auvergne-rhone-alpes-mise-en-lumiere\/"]}]},{"@type":"ImageObject","inLanguage":"fr-FR","@id":"https:\/\/archives.legrandrepas.fr\/2025\/https-www-leprogres-fr-magazine-cuisine-et-vins-2025-10-02-6e-edition-du-grand-repas-la-region-auvergne-rhone-alpes-mise-en-lumiere\/#primaryimage","url":"https:\/\/archives.legrandrepas.fr\/2025\/wp-content\/uploads\/2026\/01\/Capture-decran-2026-01-05-104037.png","contentUrl":"https:\/\/archives.legrandrepas.fr\/2025\/wp-content\/uploads\/2026\/01\/Capture-decran-2026-01-05-104037.png","width":1085,"height":785},{"@type":"BreadcrumbList","@id":"https:\/\/archives.legrandrepas.fr\/2025\/https-www-leprogres-fr-magazine-cuisine-et-vins-2025-10-02-6e-edition-du-grand-repas-la-region-auvergne-rhone-alpes-mise-en-lumiere\/#breadcrumb","itemListElement":[{"@type":"ListItem","position":1,"name":"Accueil","item":"https:\/\/archives.legrandrepas.fr\/2025\/"},{"@type":"ListItem","position":2,"name":"6e \u00e9dition du Grand Repas : la r\u00e9gion Auvergne-Rh\u00f4ne-Alpes mise en lumi\u00e8re"}]},{"@type":"WebSite","@id":"https:\/\/archives.legrandrepas.fr\/2025\/#website","url":"https:\/\/archives.legrandrepas.fr\/2025\/","name":"Le Grand Repas","description":"Le m\u00eame menu, le m\u00eame jour,  partag\u00e9 par tous les citoyens d&#039;un m\u00eame territoire","publisher":{"@id":"https:\/\/archives.legrandrepas.fr\/2025\/#organization"},"potentialAction":[{"@type":"SearchAction","target":{"@type":"EntryPoint","urlTemplate":"https:\/\/archives.legrandrepas.fr\/2025\/?s={search_term_string}"},"query-input":"required name=search_term_string"}],"inLanguage":"fr-FR"},{"@type":"Organization","@id":"https:\/\/archives.legrandrepas.fr\/2025\/#organization","name":"Association Le Grand Repas","url":"https:\/\/archives.legrandrepas.fr\/2025\/","logo":{"@type":"ImageObject","inLanguage":"fr-FR","@id":"https:\/\/archives.legrandrepas.fr\/2025\/#\/schema\/logo\/image\/","url":"https:\/\/archives.legrandrepas.fr\/wp-content\/uploads\/2022\/06\/logo-LGR.png","contentUrl":"https:\/\/archives.legrandrepas.fr\/wp-content\/uploads\/2022\/06\/logo-LGR.png","width":1280,"height":1278,"caption":"Association Le Grand Repas"},"image":{"@id":"https:\/\/archives.legrandrepas.fr\/2025\/#\/schema\/logo\/image\/"},"sameAs":["https:\/\/www.facebook.com\/LeGrandRepas\/","https:\/\/www.linkedin.com\/company\/79483218\/admin\/notifications\/all\/","https:\/\/www.instagram.com\/LeGrandRepas\/"]},{"@type":"Person","@id":"https:\/\/archives.legrandrepas.fr\/2025\/#\/schema\/person\/b4e70f903b8278f9f67062be06395db8","name":"EMMA FOUQUET","image":{"@type":"ImageObject","inLanguage":"fr-FR","@id":"https:\/\/archives.legrandrepas.fr\/2025\/#\/schema\/person\/image\/","url":"https:\/\/secure.gravatar.com\/avatar\/a4a94f502e0629141d15865102af30da15157583385abe46738d0d953b3906f9?s=96&d=mm&r=g","contentUrl":"https:\/\/secure.gravatar.com\/avatar\/a4a94f502e0629141d15865102af30da15157583385abe46738d0d953b3906f9?s=96&d=mm&r=g","caption":"EMMA FOUQUET"},"url":"https:\/\/archives.legrandrepas.fr\/2025"}]}},"_links":{"self":[{"href":"https:\/\/archives.legrandrepas.fr\/2025\/wp-json\/wp\/v2\/posts\/15333","targetHints":{"allow":["GET"]}}],"collection":[{"href":"https:\/\/archives.legrandrepas.fr\/2025\/wp-json\/wp\/v2\/posts"}],"about":[{"href":"https:\/\/archives.legrandrepas.fr\/2025\/wp-json\/wp\/v2\/types\/post"}],"author":[{"embeddable":true,"href":"https:\/\/archives.legrandrepas.fr\/2025\/wp-json\/wp\/v2\/users\/11"}],"replies":[{"embeddable":true,"href":"https:\/\/archives.legrandrepas.fr\/2025\/wp-json\/wp\/v2\/comments?post=15333"}],"version-history":[{"count":1,"href":"https:\/\/archives.legrandrepas.fr\/2025\/wp-json\/wp\/v2\/posts\/15333\/revisions"}],"predecessor-version":[{"id":15335,"href":"https:\/\/archives.legrandrepas.fr\/2025\/wp-json\/wp\/v2\/posts\/15333\/revisions\/15335"}],"wp:featuredmedia":[{"embeddable":true,"href":"https:\/\/archives.legrandrepas.fr\/2025\/wp-json\/wp\/v2\/media\/15334"}],"wp:attachment":[{"href":"https:\/\/archives.legrandrepas.fr\/2025\/wp-json\/wp\/v2\/media?parent=15333"}],"wp:term":[{"taxonomy":"category","embeddable":true,"href":"https:\/\/archives.legrandrepas.fr\/2025\/wp-json\/wp\/v2\/categories?post=15333"},{"taxonomy":"post_tag","embeddable":true,"href":"https:\/\/archives.legrandrepas.fr\/2025\/wp-json\/wp\/v2\/tags?post=15333"}],"curies":[{"name":"wp","href":"https:\/\/api.w.org\/{rel}","templated":true}]}}