{"id":15341,"date":"2026-01-05T11:45:07","date_gmt":"2026-01-05T10:45:07","guid":{"rendered":"https:\/\/archives.legrandrepas.fr\/?p=15341"},"modified":"2026-01-05T11:45:18","modified_gmt":"2026-01-05T10:45:18","slug":"a-sainte-anne-les-ecoliers-decouvrent-les-saveurs-du-terroir-avec-le-grand-repas","status":"publish","type":"post","link":"https:\/\/archives.legrandrepas.fr\/2025\/a-sainte-anne-les-ecoliers-decouvrent-les-saveurs-du-terroir-avec-le-grand-repas\/","title":{"rendered":"\u00c0 Sainte-Anne, les \u00e9coliers d\u00e9couvrent les saveurs du terroir avec le Grand Repas"},"content":{"rendered":"<h2 class=\"text-center heading heading--h2\">\u00c0 Sainte-Anne, les \u00e9coliers d\u00e9couvrent les saveurs du terroir avec le Grand Repas<\/h2>\n<p>Ce jeudi (9 octobre), \u00e0 l\u2019\u00e9cole Florent Donnat de Sainte-Anne, les \u00e9l\u00e8ves ont particip\u00e9 au Grand Repas, une initiative nationale consacr\u00e9e au go\u00fbt et aux produits du terroir. Pour la premi\u00e8re fois en Guadeloupe, un menu unique, \u00e9labor\u00e9 par des chefs locaux, a \u00e9t\u00e9 servi dans les cantines scolaires..<\/p>\n<p><a class=\"button button--primary\" href=\"https:\/\/rci.fm\/guadeloupe\/infos\/Education\/Sainte-Anne-les-ecoliers-decouvrent-les-saveurs-du-terroir-avec-le-Grand-Repas\">Lire la suite<\/a><\/p>\n","protected":false},"excerpt":{"rendered":"<p>\u00c0 Sainte-Anne, les \u00e9coliers d\u00e9couvrent les saveurs du terroir avec le Grand Repas Ce jeudi (9 octobre), \u00e0 l\u2019\u00e9cole Florent Donnat de Sainte-Anne, les \u00e9l\u00e8ves ont particip\u00e9 au Grand Repas, une initiative nationale consacr\u00e9e au go\u00fbt et aux produits du terroir. Pour la premi\u00e8re fois en Guadeloupe, un menu unique, \u00e9labor\u00e9 par des chefs locaux, [&hellip;]<\/p>\n","protected":false},"author":11,"featured_media":15342,"comment_status":"closed","ping_status":"closed","sticky":false,"template":"","format":"standard","meta":{"_acf_changed":false,"footnotes":""},"categories":[1],"tags":[],"class_list":["post-15341","post","type-post","status-publish","format-standard","has-post-thumbnail","hentry","category-non-classe"],"acf":[],"yoast_head":"<!-- This site is optimized with the Yoast SEO plugin v22.4 - https:\/\/yoast.com\/wordpress\/plugins\/seo\/ -->\n<title>\u00c0 Sainte-Anne, les \u00e9coliers d\u00e9couvrent les saveurs du terroir avec le Grand Repas - Le Grand Repas<\/title>\n<meta name=\"robots\" content=\"index, follow, max-snippet:-1, max-image-preview:large, max-video-preview:-1\" \/>\n<link rel=\"canonical\" href=\"https:\/\/archives.legrandrepas.fr\/2025\/a-sainte-anne-les-ecoliers-decouvrent-les-saveurs-du-terroir-avec-le-grand-repas\/\" \/>\n<meta property=\"og:locale\" content=\"fr_FR\" \/>\n<meta property=\"og:type\" content=\"article\" \/>\n<meta property=\"og:title\" content=\"\u00c0 Sainte-Anne, les \u00e9coliers d\u00e9couvrent les saveurs du terroir avec le Grand Repas - Le Grand Repas\" \/>\n<meta property=\"og:description\" content=\"\u00c0 Sainte-Anne, les \u00e9coliers d\u00e9couvrent les saveurs du terroir avec le Grand Repas Ce jeudi (9 octobre), \u00e0 l\u2019\u00e9cole Florent Donnat de Sainte-Anne, les \u00e9l\u00e8ves ont particip\u00e9 au Grand Repas, une initiative nationale consacr\u00e9e au go\u00fbt et aux produits du terroir. Pour la premi\u00e8re fois en Guadeloupe, un menu unique, \u00e9labor\u00e9 par des chefs locaux, [&hellip;]\" \/>\n<meta property=\"og:url\" content=\"https:\/\/archives.legrandrepas.fr\/2025\/a-sainte-anne-les-ecoliers-decouvrent-les-saveurs-du-terroir-avec-le-grand-repas\/\" \/>\n<meta property=\"og:site_name\" content=\"Le Grand Repas\" \/>\n<meta property=\"article:publisher\" content=\"https:\/\/www.facebook.com\/LeGrandRepas\/\" \/>\n<meta property=\"article:published_time\" content=\"2026-01-05T10:45:07+00:00\" \/>\n<meta property=\"article:modified_time\" content=\"2026-01-05T10:45:18+00:00\" \/>\n<meta property=\"og:image\" content=\"https:\/\/archives.legrandrepas.fr\/2025\/wp-content\/uploads\/2026\/01\/Le-Grand-Repas-1.jpg\" \/>\n\t<meta property=\"og:image:width\" content=\"700\" \/>\n\t<meta property=\"og:image:height\" content=\"394\" \/>\n\t<meta property=\"og:image:type\" content=\"image\/jpeg\" \/>\n<meta name=\"author\" content=\"EMMA FOUQUET\" \/>\n<meta name=\"twitter:card\" content=\"summary_large_image\" \/>\n<meta name=\"twitter:label1\" content=\"\u00c9crit par\" \/>\n\t<meta name=\"twitter:data1\" content=\"EMMA FOUQUET\" \/>\n\t<meta name=\"twitter:label2\" content=\"Dur\u00e9e de lecture estim\u00e9e\" \/>\n\t<meta name=\"twitter:data2\" content=\"1 minute\" \/>\n<script type=\"application\/ld+json\" class=\"yoast-schema-graph\">{\"@context\":\"https:\/\/schema.org\",\"@graph\":[{\"@type\":\"Article\",\"@id\":\"https:\/\/archives.legrandrepas.fr\/2025\/a-sainte-anne-les-ecoliers-decouvrent-les-saveurs-du-terroir-avec-le-grand-repas\/#article\",\"isPartOf\":{\"@id\":\"https:\/\/archives.legrandrepas.fr\/2025\/a-sainte-anne-les-ecoliers-decouvrent-les-saveurs-du-terroir-avec-le-grand-repas\/\"},\"author\":{\"name\":\"EMMA FOUQUET\",\"@id\":\"https:\/\/archives.legrandrepas.fr\/2025\/#\/schema\/person\/b4e70f903b8278f9f67062be06395db8\"},\"headline\":\"\u00c0 Sainte-Anne, les \u00e9coliers d\u00e9couvrent les saveurs du terroir avec le Grand Repas\",\"datePublished\":\"2026-01-05T10:45:07+00:00\",\"dateModified\":\"2026-01-05T10:45:18+00:00\",\"mainEntityOfPage\":{\"@id\":\"https:\/\/archives.legrandrepas.fr\/2025\/a-sainte-anne-les-ecoliers-decouvrent-les-saveurs-du-terroir-avec-le-grand-repas\/\"},\"wordCount\":81,\"publisher\":{\"@id\":\"https:\/\/archives.legrandrepas.fr\/2025\/#organization\"},\"image\":{\"@id\":\"https:\/\/archives.legrandrepas.fr\/2025\/a-sainte-anne-les-ecoliers-decouvrent-les-saveurs-du-terroir-avec-le-grand-repas\/#primaryimage\"},\"thumbnailUrl\":\"https:\/\/archives.legrandrepas.fr\/2025\/wp-content\/uploads\/2026\/01\/Le-Grand-Repas-1.jpg\",\"inLanguage\":\"fr-FR\"},{\"@type\":\"WebPage\",\"@id\":\"https:\/\/archives.legrandrepas.fr\/2025\/a-sainte-anne-les-ecoliers-decouvrent-les-saveurs-du-terroir-avec-le-grand-repas\/\",\"url\":\"https:\/\/archives.legrandrepas.fr\/2025\/a-sainte-anne-les-ecoliers-decouvrent-les-saveurs-du-terroir-avec-le-grand-repas\/\",\"name\":\"\u00c0 Sainte-Anne, les \u00e9coliers d\u00e9couvrent les saveurs du terroir avec le Grand Repas - Le Grand Repas\",\"isPartOf\":{\"@id\":\"https:\/\/archives.legrandrepas.fr\/2025\/#website\"},\"primaryImageOfPage\":{\"@id\":\"https:\/\/archives.legrandrepas.fr\/2025\/a-sainte-anne-les-ecoliers-decouvrent-les-saveurs-du-terroir-avec-le-grand-repas\/#primaryimage\"},\"image\":{\"@id\":\"https:\/\/archives.legrandrepas.fr\/2025\/a-sainte-anne-les-ecoliers-decouvrent-les-saveurs-du-terroir-avec-le-grand-repas\/#primaryimage\"},\"thumbnailUrl\":\"https:\/\/archives.legrandrepas.fr\/2025\/wp-content\/uploads\/2026\/01\/Le-Grand-Repas-1.jpg\",\"datePublished\":\"2026-01-05T10:45:07+00:00\",\"dateModified\":\"2026-01-05T10:45:18+00:00\",\"breadcrumb\":{\"@id\":\"https:\/\/archives.legrandrepas.fr\/2025\/a-sainte-anne-les-ecoliers-decouvrent-les-saveurs-du-terroir-avec-le-grand-repas\/#breadcrumb\"},\"inLanguage\":\"fr-FR\",\"potentialAction\":[{\"@type\":\"ReadAction\",\"target\":[\"https:\/\/archives.legrandrepas.fr\/2025\/a-sainte-anne-les-ecoliers-decouvrent-les-saveurs-du-terroir-avec-le-grand-repas\/\"]}]},{\"@type\":\"ImageObject\",\"inLanguage\":\"fr-FR\",\"@id\":\"https:\/\/archives.legrandrepas.fr\/2025\/a-sainte-anne-les-ecoliers-decouvrent-les-saveurs-du-terroir-avec-le-grand-repas\/#primaryimage\",\"url\":\"https:\/\/archives.legrandrepas.fr\/2025\/wp-content\/uploads\/2026\/01\/Le-Grand-Repas-1.jpg\",\"contentUrl\":\"https:\/\/archives.legrandrepas.fr\/2025\/wp-content\/uploads\/2026\/01\/Le-Grand-Repas-1.jpg\",\"width\":700,\"height\":394},{\"@type\":\"BreadcrumbList\",\"@id\":\"https:\/\/archives.legrandrepas.fr\/2025\/a-sainte-anne-les-ecoliers-decouvrent-les-saveurs-du-terroir-avec-le-grand-repas\/#breadcrumb\",\"itemListElement\":[{\"@type\":\"ListItem\",\"position\":1,\"name\":\"Accueil\",\"item\":\"https:\/\/archives.legrandrepas.fr\/2025\/\"},{\"@type\":\"ListItem\",\"position\":2,\"name\":\"\u00c0 Sainte-Anne, les \u00e9coliers d\u00e9couvrent les saveurs du terroir avec le Grand Repas\"}]},{\"@type\":\"WebSite\",\"@id\":\"https:\/\/archives.legrandrepas.fr\/2025\/#website\",\"url\":\"https:\/\/archives.legrandrepas.fr\/2025\/\",\"name\":\"Le Grand Repas\",\"description\":\"Le m\u00eame menu, le m\u00eame jour,  partag\u00e9 par tous les citoyens d&#039;un m\u00eame territoire\",\"publisher\":{\"@id\":\"https:\/\/archives.legrandrepas.fr\/2025\/#organization\"},\"potentialAction\":[{\"@type\":\"SearchAction\",\"target\":{\"@type\":\"EntryPoint\",\"urlTemplate\":\"https:\/\/archives.legrandrepas.fr\/2025\/?s={search_term_string}\"},\"query-input\":\"required name=search_term_string\"}],\"inLanguage\":\"fr-FR\"},{\"@type\":\"Organization\",\"@id\":\"https:\/\/archives.legrandrepas.fr\/2025\/#organization\",\"name\":\"Association Le Grand Repas\",\"url\":\"https:\/\/archives.legrandrepas.fr\/2025\/\",\"logo\":{\"@type\":\"ImageObject\",\"inLanguage\":\"fr-FR\",\"@id\":\"https:\/\/archives.legrandrepas.fr\/2025\/#\/schema\/logo\/image\/\",\"url\":\"https:\/\/archives.legrandrepas.fr\/wp-content\/uploads\/2022\/06\/logo-LGR.png\",\"contentUrl\":\"https:\/\/archives.legrandrepas.fr\/wp-content\/uploads\/2022\/06\/logo-LGR.png\",\"width\":1280,\"height\":1278,\"caption\":\"Association Le Grand Repas\"},\"image\":{\"@id\":\"https:\/\/archives.legrandrepas.fr\/2025\/#\/schema\/logo\/image\/\"},\"sameAs\":[\"https:\/\/www.facebook.com\/LeGrandRepas\/\",\"https:\/\/www.linkedin.com\/company\/79483218\/admin\/notifications\/all\/\",\"https:\/\/www.instagram.com\/LeGrandRepas\/\"]},{\"@type\":\"Person\",\"@id\":\"https:\/\/archives.legrandrepas.fr\/2025\/#\/schema\/person\/b4e70f903b8278f9f67062be06395db8\",\"name\":\"EMMA FOUQUET\",\"image\":{\"@type\":\"ImageObject\",\"inLanguage\":\"fr-FR\",\"@id\":\"https:\/\/archives.legrandrepas.fr\/2025\/#\/schema\/person\/image\/\",\"url\":\"https:\/\/secure.gravatar.com\/avatar\/a4a94f502e0629141d15865102af30da15157583385abe46738d0d953b3906f9?s=96&d=mm&r=g\",\"contentUrl\":\"https:\/\/secure.gravatar.com\/avatar\/a4a94f502e0629141d15865102af30da15157583385abe46738d0d953b3906f9?s=96&d=mm&r=g\",\"caption\":\"EMMA FOUQUET\"},\"url\":\"https:\/\/archives.legrandrepas.fr\/2025\"}]}<\/script>\n<!-- \/ Yoast SEO plugin. -->","yoast_head_json":{"title":"\u00c0 Sainte-Anne, les \u00e9coliers d\u00e9couvrent les saveurs du terroir avec le Grand Repas - Le Grand Repas","robots":{"index":"index","follow":"follow","max-snippet":"max-snippet:-1","max-image-preview":"max-image-preview:large","max-video-preview":"max-video-preview:-1"},"canonical":"https:\/\/archives.legrandrepas.fr\/2025\/a-sainte-anne-les-ecoliers-decouvrent-les-saveurs-du-terroir-avec-le-grand-repas\/","og_locale":"fr_FR","og_type":"article","og_title":"\u00c0 Sainte-Anne, les \u00e9coliers d\u00e9couvrent les saveurs du terroir avec le Grand Repas - Le Grand Repas","og_description":"\u00c0 Sainte-Anne, les \u00e9coliers d\u00e9couvrent les saveurs du terroir avec le Grand Repas Ce jeudi (9 octobre), \u00e0 l\u2019\u00e9cole Florent Donnat de Sainte-Anne, les \u00e9l\u00e8ves ont particip\u00e9 au Grand Repas, une initiative nationale consacr\u00e9e au go\u00fbt et aux produits du terroir. Pour la premi\u00e8re fois en Guadeloupe, un menu unique, \u00e9labor\u00e9 par des chefs locaux, [&hellip;]","og_url":"https:\/\/archives.legrandrepas.fr\/2025\/a-sainte-anne-les-ecoliers-decouvrent-les-saveurs-du-terroir-avec-le-grand-repas\/","og_site_name":"Le Grand Repas","article_publisher":"https:\/\/www.facebook.com\/LeGrandRepas\/","article_published_time":"2026-01-05T10:45:07+00:00","article_modified_time":"2026-01-05T10:45:18+00:00","og_image":[{"width":700,"height":394,"url":"https:\/\/archives.legrandrepas.fr\/2025\/wp-content\/uploads\/2026\/01\/Le-Grand-Repas-1.jpg","type":"image\/jpeg"}],"author":"EMMA FOUQUET","twitter_card":"summary_large_image","twitter_misc":{"\u00c9crit par":"EMMA FOUQUET","Dur\u00e9e de lecture estim\u00e9e":"1 minute"},"schema":{"@context":"https:\/\/schema.org","@graph":[{"@type":"Article","@id":"https:\/\/archives.legrandrepas.fr\/2025\/a-sainte-anne-les-ecoliers-decouvrent-les-saveurs-du-terroir-avec-le-grand-repas\/#article","isPartOf":{"@id":"https:\/\/archives.legrandrepas.fr\/2025\/a-sainte-anne-les-ecoliers-decouvrent-les-saveurs-du-terroir-avec-le-grand-repas\/"},"author":{"name":"EMMA FOUQUET","@id":"https:\/\/archives.legrandrepas.fr\/2025\/#\/schema\/person\/b4e70f903b8278f9f67062be06395db8"},"headline":"\u00c0 Sainte-Anne, les \u00e9coliers d\u00e9couvrent les saveurs du terroir avec le Grand Repas","datePublished":"2026-01-05T10:45:07+00:00","dateModified":"2026-01-05T10:45:18+00:00","mainEntityOfPage":{"@id":"https:\/\/archives.legrandrepas.fr\/2025\/a-sainte-anne-les-ecoliers-decouvrent-les-saveurs-du-terroir-avec-le-grand-repas\/"},"wordCount":81,"publisher":{"@id":"https:\/\/archives.legrandrepas.fr\/2025\/#organization"},"image":{"@id":"https:\/\/archives.legrandrepas.fr\/2025\/a-sainte-anne-les-ecoliers-decouvrent-les-saveurs-du-terroir-avec-le-grand-repas\/#primaryimage"},"thumbnailUrl":"https:\/\/archives.legrandrepas.fr\/2025\/wp-content\/uploads\/2026\/01\/Le-Grand-Repas-1.jpg","inLanguage":"fr-FR"},{"@type":"WebPage","@id":"https:\/\/archives.legrandrepas.fr\/2025\/a-sainte-anne-les-ecoliers-decouvrent-les-saveurs-du-terroir-avec-le-grand-repas\/","url":"https:\/\/archives.legrandrepas.fr\/2025\/a-sainte-anne-les-ecoliers-decouvrent-les-saveurs-du-terroir-avec-le-grand-repas\/","name":"\u00c0 Sainte-Anne, les \u00e9coliers d\u00e9couvrent les saveurs du terroir avec le Grand Repas - Le Grand Repas","isPartOf":{"@id":"https:\/\/archives.legrandrepas.fr\/2025\/#website"},"primaryImageOfPage":{"@id":"https:\/\/archives.legrandrepas.fr\/2025\/a-sainte-anne-les-ecoliers-decouvrent-les-saveurs-du-terroir-avec-le-grand-repas\/#primaryimage"},"image":{"@id":"https:\/\/archives.legrandrepas.fr\/2025\/a-sainte-anne-les-ecoliers-decouvrent-les-saveurs-du-terroir-avec-le-grand-repas\/#primaryimage"},"thumbnailUrl":"https:\/\/archives.legrandrepas.fr\/2025\/wp-content\/uploads\/2026\/01\/Le-Grand-Repas-1.jpg","datePublished":"2026-01-05T10:45:07+00:00","dateModified":"2026-01-05T10:45:18+00:00","breadcrumb":{"@id":"https:\/\/archives.legrandrepas.fr\/2025\/a-sainte-anne-les-ecoliers-decouvrent-les-saveurs-du-terroir-avec-le-grand-repas\/#breadcrumb"},"inLanguage":"fr-FR","potentialAction":[{"@type":"ReadAction","target":["https:\/\/archives.legrandrepas.fr\/2025\/a-sainte-anne-les-ecoliers-decouvrent-les-saveurs-du-terroir-avec-le-grand-repas\/"]}]},{"@type":"ImageObject","inLanguage":"fr-FR","@id":"https:\/\/archives.legrandrepas.fr\/2025\/a-sainte-anne-les-ecoliers-decouvrent-les-saveurs-du-terroir-avec-le-grand-repas\/#primaryimage","url":"https:\/\/archives.legrandrepas.fr\/2025\/wp-content\/uploads\/2026\/01\/Le-Grand-Repas-1.jpg","contentUrl":"https:\/\/archives.legrandrepas.fr\/2025\/wp-content\/uploads\/2026\/01\/Le-Grand-Repas-1.jpg","width":700,"height":394},{"@type":"BreadcrumbList","@id":"https:\/\/archives.legrandrepas.fr\/2025\/a-sainte-anne-les-ecoliers-decouvrent-les-saveurs-du-terroir-avec-le-grand-repas\/#breadcrumb","itemListElement":[{"@type":"ListItem","position":1,"name":"Accueil","item":"https:\/\/archives.legrandrepas.fr\/2025\/"},{"@type":"ListItem","position":2,"name":"\u00c0 Sainte-Anne, les \u00e9coliers d\u00e9couvrent les saveurs du terroir avec le Grand Repas"}]},{"@type":"WebSite","@id":"https:\/\/archives.legrandrepas.fr\/2025\/#website","url":"https:\/\/archives.legrandrepas.fr\/2025\/","name":"Le Grand Repas","description":"Le m\u00eame menu, le m\u00eame jour,  partag\u00e9 par tous les citoyens d&#039;un m\u00eame territoire","publisher":{"@id":"https:\/\/archives.legrandrepas.fr\/2025\/#organization"},"potentialAction":[{"@type":"SearchAction","target":{"@type":"EntryPoint","urlTemplate":"https:\/\/archives.legrandrepas.fr\/2025\/?s={search_term_string}"},"query-input":"required name=search_term_string"}],"inLanguage":"fr-FR"},{"@type":"Organization","@id":"https:\/\/archives.legrandrepas.fr\/2025\/#organization","name":"Association Le Grand Repas","url":"https:\/\/archives.legrandrepas.fr\/2025\/","logo":{"@type":"ImageObject","inLanguage":"fr-FR","@id":"https:\/\/archives.legrandrepas.fr\/2025\/#\/schema\/logo\/image\/","url":"https:\/\/archives.legrandrepas.fr\/wp-content\/uploads\/2022\/06\/logo-LGR.png","contentUrl":"https:\/\/archives.legrandrepas.fr\/wp-content\/uploads\/2022\/06\/logo-LGR.png","width":1280,"height":1278,"caption":"Association Le Grand Repas"},"image":{"@id":"https:\/\/archives.legrandrepas.fr\/2025\/#\/schema\/logo\/image\/"},"sameAs":["https:\/\/www.facebook.com\/LeGrandRepas\/","https:\/\/www.linkedin.com\/company\/79483218\/admin\/notifications\/all\/","https:\/\/www.instagram.com\/LeGrandRepas\/"]},{"@type":"Person","@id":"https:\/\/archives.legrandrepas.fr\/2025\/#\/schema\/person\/b4e70f903b8278f9f67062be06395db8","name":"EMMA FOUQUET","image":{"@type":"ImageObject","inLanguage":"fr-FR","@id":"https:\/\/archives.legrandrepas.fr\/2025\/#\/schema\/person\/image\/","url":"https:\/\/secure.gravatar.com\/avatar\/a4a94f502e0629141d15865102af30da15157583385abe46738d0d953b3906f9?s=96&d=mm&r=g","contentUrl":"https:\/\/secure.gravatar.com\/avatar\/a4a94f502e0629141d15865102af30da15157583385abe46738d0d953b3906f9?s=96&d=mm&r=g","caption":"EMMA FOUQUET"},"url":"https:\/\/archives.legrandrepas.fr\/2025"}]}},"_links":{"self":[{"href":"https:\/\/archives.legrandrepas.fr\/2025\/wp-json\/wp\/v2\/posts\/15341","targetHints":{"allow":["GET"]}}],"collection":[{"href":"https:\/\/archives.legrandrepas.fr\/2025\/wp-json\/wp\/v2\/posts"}],"about":[{"href":"https:\/\/archives.legrandrepas.fr\/2025\/wp-json\/wp\/v2\/types\/post"}],"author":[{"embeddable":true,"href":"https:\/\/archives.legrandrepas.fr\/2025\/wp-json\/wp\/v2\/users\/11"}],"replies":[{"embeddable":true,"href":"https:\/\/archives.legrandrepas.fr\/2025\/wp-json\/wp\/v2\/comments?post=15341"}],"version-history":[{"count":1,"href":"https:\/\/archives.legrandrepas.fr\/2025\/wp-json\/wp\/v2\/posts\/15341\/revisions"}],"predecessor-version":[{"id":15343,"href":"https:\/\/archives.legrandrepas.fr\/2025\/wp-json\/wp\/v2\/posts\/15341\/revisions\/15343"}],"wp:featuredmedia":[{"embeddable":true,"href":"https:\/\/archives.legrandrepas.fr\/2025\/wp-json\/wp\/v2\/media\/15342"}],"wp:attachment":[{"href":"https:\/\/archives.legrandrepas.fr\/2025\/wp-json\/wp\/v2\/media?parent=15341"}],"wp:term":[{"taxonomy":"category","embeddable":true,"href":"https:\/\/archives.legrandrepas.fr\/2025\/wp-json\/wp\/v2\/categories?post=15341"},{"taxonomy":"post_tag","embeddable":true,"href":"https:\/\/archives.legrandrepas.fr\/2025\/wp-json\/wp\/v2\/tags?post=15341"}],"curies":[{"name":"wp","href":"https:\/\/api.w.org\/{rel}","templated":true}]}}