{"id":15344,"date":"2026-01-05T14:19:27","date_gmt":"2026-01-05T13:19:27","guid":{"rendered":"https:\/\/archives.legrandrepas.fr\/?p=15344"},"modified":"2026-01-05T14:19:27","modified_gmt":"2026-01-05T13:19:27","slug":"maurienne-un-grand-repas-pour-favoriser-le-manger-ensemble-et-le-manger-local","status":"publish","type":"post","link":"https:\/\/archives.legrandrepas.fr\/2025\/maurienne-un-grand-repas-pour-favoriser-le-manger-ensemble-et-le-manger-local\/","title":{"rendered":"Maurienne. Un Grand repas pour favoriser le manger ensemble, et le manger local"},"content":{"rendered":"<h2 class=\"text-center heading heading--h2\">Maurienne. Un Grand repas pour favoriser le manger ensemble, et le manger local<\/h2>\n<p>Ce jeudi 9\u00a0octobre, et pour la deuxi\u00e8me ann\u00e9e cons\u00e9cutive, la Savoie participait au Grand repas, initiative nationale lanc\u00e9e il y a six ans. L\u2019objectif\u00a0: proposer un menu unique, cuisin\u00e9 avec des produits locaux aux habitants d\u2019un territoire. En Savoie, 26\u00a0000 repas \u00e9taient servis ce jeudi, et la Maurienne n\u2019\u00e9tait pas en reste, coll\u00e9giens et patients des centres hospitaliers de la vall\u00e9e savourant un m\u00eame menu.<\/p>\n<p><a class=\"button button--primary\" href=\"https:\/\/www.ledauphine.com\/societe\/2025\/10\/10\/un-grand-repas-pour-favoriser-le-manger-ensemble-et-le-manger-local\">Lire la suite<\/a><\/p>\n","protected":false},"excerpt":{"rendered":"<p>Maurienne. Un Grand repas pour favoriser le manger ensemble, et le manger local Ce jeudi 9\u00a0octobre, et pour la deuxi\u00e8me ann\u00e9e cons\u00e9cutive, la Savoie participait au Grand repas, initiative nationale lanc\u00e9e il y a six ans. L\u2019objectif\u00a0: proposer un menu unique, cuisin\u00e9 avec des produits locaux aux habitants d\u2019un territoire. En Savoie, 26\u00a0000 repas \u00e9taient [&hellip;]<\/p>\n","protected":false},"author":11,"featured_media":15345,"comment_status":"closed","ping_status":"closed","sticky":false,"template":"","format":"standard","meta":{"_acf_changed":false,"footnotes":""},"categories":[1],"tags":[],"class_list":["post-15344","post","type-post","status-publish","format-standard","has-post-thumbnail","hentry","category-non-classe"],"acf":[],"yoast_head":"<!-- This site is optimized with the Yoast SEO plugin v22.4 - https:\/\/yoast.com\/wordpress\/plugins\/seo\/ -->\n<title>Maurienne. Un Grand repas pour favoriser le manger ensemble, et le manger local - Le Grand Repas<\/title>\n<meta name=\"robots\" content=\"index, follow, max-snippet:-1, max-image-preview:large, max-video-preview:-1\" \/>\n<link rel=\"canonical\" href=\"https:\/\/archives.legrandrepas.fr\/2025\/maurienne-un-grand-repas-pour-favoriser-le-manger-ensemble-et-le-manger-local\/\" \/>\n<meta property=\"og:locale\" content=\"fr_FR\" \/>\n<meta property=\"og:type\" content=\"article\" \/>\n<meta property=\"og:title\" content=\"Maurienne. Un Grand repas pour favoriser le manger ensemble, et le manger local - Le Grand Repas\" \/>\n<meta property=\"og:description\" content=\"Maurienne. Un Grand repas pour favoriser le manger ensemble, et le manger local Ce jeudi 9\u00a0octobre, et pour la deuxi\u00e8me ann\u00e9e cons\u00e9cutive, la Savoie participait au Grand repas, initiative nationale lanc\u00e9e il y a six ans. L\u2019objectif\u00a0: proposer un menu unique, cuisin\u00e9 avec des produits locaux aux habitants d\u2019un territoire. En Savoie, 26\u00a0000 repas \u00e9taient [&hellip;]\" \/>\n<meta property=\"og:url\" content=\"https:\/\/archives.legrandrepas.fr\/2025\/maurienne-un-grand-repas-pour-favoriser-le-manger-ensemble-et-le-manger-local\/\" \/>\n<meta property=\"og:site_name\" content=\"Le Grand Repas\" \/>\n<meta property=\"article:publisher\" content=\"https:\/\/www.facebook.com\/LeGrandRepas\/\" \/>\n<meta property=\"article:published_time\" content=\"2026-01-05T13:19:27+00:00\" \/>\n<meta property=\"og:image\" content=\"https:\/\/archives.legrandrepas.fr\/2025\/wp-content\/uploads\/2026\/01\/les-membres-du-conseil-de-surveillance-du-centre-hospitalier-vallee-de-la-maurienne-se-regalent-sur-le-pouce-du-dejeuner-cuisine-a-l-occasion-du-grand-repas-photo-le-dl-v-d-1760112806.jpg\" \/>\n\t<meta property=\"og:image:width\" content=\"1000\" \/>\n\t<meta property=\"og:image:height\" content=\"500\" \/>\n\t<meta property=\"og:image:type\" content=\"image\/jpeg\" \/>\n<meta name=\"author\" content=\"EMMA FOUQUET\" \/>\n<meta name=\"twitter:card\" content=\"summary_large_image\" \/>\n<meta name=\"twitter:label1\" content=\"\u00c9crit par\" \/>\n\t<meta name=\"twitter:data1\" content=\"EMMA FOUQUET\" \/>\n\t<meta name=\"twitter:label2\" content=\"Dur\u00e9e de lecture estim\u00e9e\" \/>\n\t<meta name=\"twitter:data2\" content=\"1 minute\" \/>\n<script type=\"application\/ld+json\" class=\"yoast-schema-graph\">{\"@context\":\"https:\/\/schema.org\",\"@graph\":[{\"@type\":\"Article\",\"@id\":\"https:\/\/archives.legrandrepas.fr\/2025\/maurienne-un-grand-repas-pour-favoriser-le-manger-ensemble-et-le-manger-local\/#article\",\"isPartOf\":{\"@id\":\"https:\/\/archives.legrandrepas.fr\/2025\/maurienne-un-grand-repas-pour-favoriser-le-manger-ensemble-et-le-manger-local\/\"},\"author\":{\"name\":\"EMMA FOUQUET\",\"@id\":\"https:\/\/archives.legrandrepas.fr\/2025\/#\/schema\/person\/b4e70f903b8278f9f67062be06395db8\"},\"headline\":\"Maurienne. Un Grand repas pour favoriser le manger ensemble, et le manger local\",\"datePublished\":\"2026-01-05T13:19:27+00:00\",\"dateModified\":\"2026-01-05T13:19:27+00:00\",\"mainEntityOfPage\":{\"@id\":\"https:\/\/archives.legrandrepas.fr\/2025\/maurienne-un-grand-repas-pour-favoriser-le-manger-ensemble-et-le-manger-local\/\"},\"wordCount\":103,\"publisher\":{\"@id\":\"https:\/\/archives.legrandrepas.fr\/2025\/#organization\"},\"image\":{\"@id\":\"https:\/\/archives.legrandrepas.fr\/2025\/maurienne-un-grand-repas-pour-favoriser-le-manger-ensemble-et-le-manger-local\/#primaryimage\"},\"thumbnailUrl\":\"https:\/\/archives.legrandrepas.fr\/2025\/wp-content\/uploads\/2026\/01\/les-membres-du-conseil-de-surveillance-du-centre-hospitalier-vallee-de-la-maurienne-se-regalent-sur-le-pouce-du-dejeuner-cuisine-a-l-occasion-du-grand-repas-photo-le-dl-v-d-1760112806.jpg\",\"inLanguage\":\"fr-FR\"},{\"@type\":\"WebPage\",\"@id\":\"https:\/\/archives.legrandrepas.fr\/2025\/maurienne-un-grand-repas-pour-favoriser-le-manger-ensemble-et-le-manger-local\/\",\"url\":\"https:\/\/archives.legrandrepas.fr\/2025\/maurienne-un-grand-repas-pour-favoriser-le-manger-ensemble-et-le-manger-local\/\",\"name\":\"Maurienne. Un Grand repas pour favoriser le manger ensemble, et le manger local - Le Grand Repas\",\"isPartOf\":{\"@id\":\"https:\/\/archives.legrandrepas.fr\/2025\/#website\"},\"primaryImageOfPage\":{\"@id\":\"https:\/\/archives.legrandrepas.fr\/2025\/maurienne-un-grand-repas-pour-favoriser-le-manger-ensemble-et-le-manger-local\/#primaryimage\"},\"image\":{\"@id\":\"https:\/\/archives.legrandrepas.fr\/2025\/maurienne-un-grand-repas-pour-favoriser-le-manger-ensemble-et-le-manger-local\/#primaryimage\"},\"thumbnailUrl\":\"https:\/\/archives.legrandrepas.fr\/2025\/wp-content\/uploads\/2026\/01\/les-membres-du-conseil-de-surveillance-du-centre-hospitalier-vallee-de-la-maurienne-se-regalent-sur-le-pouce-du-dejeuner-cuisine-a-l-occasion-du-grand-repas-photo-le-dl-v-d-1760112806.jpg\",\"datePublished\":\"2026-01-05T13:19:27+00:00\",\"dateModified\":\"2026-01-05T13:19:27+00:00\",\"breadcrumb\":{\"@id\":\"https:\/\/archives.legrandrepas.fr\/2025\/maurienne-un-grand-repas-pour-favoriser-le-manger-ensemble-et-le-manger-local\/#breadcrumb\"},\"inLanguage\":\"fr-FR\",\"potentialAction\":[{\"@type\":\"ReadAction\",\"target\":[\"https:\/\/archives.legrandrepas.fr\/2025\/maurienne-un-grand-repas-pour-favoriser-le-manger-ensemble-et-le-manger-local\/\"]}]},{\"@type\":\"ImageObject\",\"inLanguage\":\"fr-FR\",\"@id\":\"https:\/\/archives.legrandrepas.fr\/2025\/maurienne-un-grand-repas-pour-favoriser-le-manger-ensemble-et-le-manger-local\/#primaryimage\",\"url\":\"https:\/\/archives.legrandrepas.fr\/2025\/wp-content\/uploads\/2026\/01\/les-membres-du-conseil-de-surveillance-du-centre-hospitalier-vallee-de-la-maurienne-se-regalent-sur-le-pouce-du-dejeuner-cuisine-a-l-occasion-du-grand-repas-photo-le-dl-v-d-1760112806.jpg\",\"contentUrl\":\"https:\/\/archives.legrandrepas.fr\/2025\/wp-content\/uploads\/2026\/01\/les-membres-du-conseil-de-surveillance-du-centre-hospitalier-vallee-de-la-maurienne-se-regalent-sur-le-pouce-du-dejeuner-cuisine-a-l-occasion-du-grand-repas-photo-le-dl-v-d-1760112806.jpg\",\"width\":1000,\"height\":500},{\"@type\":\"BreadcrumbList\",\"@id\":\"https:\/\/archives.legrandrepas.fr\/2025\/maurienne-un-grand-repas-pour-favoriser-le-manger-ensemble-et-le-manger-local\/#breadcrumb\",\"itemListElement\":[{\"@type\":\"ListItem\",\"position\":1,\"name\":\"Accueil\",\"item\":\"https:\/\/archives.legrandrepas.fr\/2025\/\"},{\"@type\":\"ListItem\",\"position\":2,\"name\":\"Maurienne. Un Grand repas pour favoriser le manger ensemble, et le manger local\"}]},{\"@type\":\"WebSite\",\"@id\":\"https:\/\/archives.legrandrepas.fr\/2025\/#website\",\"url\":\"https:\/\/archives.legrandrepas.fr\/2025\/\",\"name\":\"Le Grand Repas\",\"description\":\"Le m\u00eame menu, le m\u00eame jour,  partag\u00e9 par tous les citoyens d&#039;un m\u00eame territoire\",\"publisher\":{\"@id\":\"https:\/\/archives.legrandrepas.fr\/2025\/#organization\"},\"potentialAction\":[{\"@type\":\"SearchAction\",\"target\":{\"@type\":\"EntryPoint\",\"urlTemplate\":\"https:\/\/archives.legrandrepas.fr\/2025\/?s={search_term_string}\"},\"query-input\":\"required name=search_term_string\"}],\"inLanguage\":\"fr-FR\"},{\"@type\":\"Organization\",\"@id\":\"https:\/\/archives.legrandrepas.fr\/2025\/#organization\",\"name\":\"Association Le Grand Repas\",\"url\":\"https:\/\/archives.legrandrepas.fr\/2025\/\",\"logo\":{\"@type\":\"ImageObject\",\"inLanguage\":\"fr-FR\",\"@id\":\"https:\/\/archives.legrandrepas.fr\/2025\/#\/schema\/logo\/image\/\",\"url\":\"https:\/\/archives.legrandrepas.fr\/wp-content\/uploads\/2022\/06\/logo-LGR.png\",\"contentUrl\":\"https:\/\/archives.legrandrepas.fr\/wp-content\/uploads\/2022\/06\/logo-LGR.png\",\"width\":1280,\"height\":1278,\"caption\":\"Association Le Grand Repas\"},\"image\":{\"@id\":\"https:\/\/archives.legrandrepas.fr\/2025\/#\/schema\/logo\/image\/\"},\"sameAs\":[\"https:\/\/www.facebook.com\/LeGrandRepas\/\",\"https:\/\/www.linkedin.com\/company\/79483218\/admin\/notifications\/all\/\",\"https:\/\/www.instagram.com\/LeGrandRepas\/\"]},{\"@type\":\"Person\",\"@id\":\"https:\/\/archives.legrandrepas.fr\/2025\/#\/schema\/person\/b4e70f903b8278f9f67062be06395db8\",\"name\":\"EMMA FOUQUET\",\"image\":{\"@type\":\"ImageObject\",\"inLanguage\":\"fr-FR\",\"@id\":\"https:\/\/archives.legrandrepas.fr\/2025\/#\/schema\/person\/image\/\",\"url\":\"https:\/\/secure.gravatar.com\/avatar\/a4a94f502e0629141d15865102af30da15157583385abe46738d0d953b3906f9?s=96&d=mm&r=g\",\"contentUrl\":\"https:\/\/secure.gravatar.com\/avatar\/a4a94f502e0629141d15865102af30da15157583385abe46738d0d953b3906f9?s=96&d=mm&r=g\",\"caption\":\"EMMA FOUQUET\"},\"url\":\"https:\/\/archives.legrandrepas.fr\/2025\"}]}<\/script>\n<!-- \/ Yoast SEO plugin. -->","yoast_head_json":{"title":"Maurienne. Un Grand repas pour favoriser le manger ensemble, et le manger local - Le Grand Repas","robots":{"index":"index","follow":"follow","max-snippet":"max-snippet:-1","max-image-preview":"max-image-preview:large","max-video-preview":"max-video-preview:-1"},"canonical":"https:\/\/archives.legrandrepas.fr\/2025\/maurienne-un-grand-repas-pour-favoriser-le-manger-ensemble-et-le-manger-local\/","og_locale":"fr_FR","og_type":"article","og_title":"Maurienne. Un Grand repas pour favoriser le manger ensemble, et le manger local - Le Grand Repas","og_description":"Maurienne. Un Grand repas pour favoriser le manger ensemble, et le manger local Ce jeudi 9\u00a0octobre, et pour la deuxi\u00e8me ann\u00e9e cons\u00e9cutive, la Savoie participait au Grand repas, initiative nationale lanc\u00e9e il y a six ans. L\u2019objectif\u00a0: proposer un menu unique, cuisin\u00e9 avec des produits locaux aux habitants d\u2019un territoire. En Savoie, 26\u00a0000 repas \u00e9taient [&hellip;]","og_url":"https:\/\/archives.legrandrepas.fr\/2025\/maurienne-un-grand-repas-pour-favoriser-le-manger-ensemble-et-le-manger-local\/","og_site_name":"Le Grand Repas","article_publisher":"https:\/\/www.facebook.com\/LeGrandRepas\/","article_published_time":"2026-01-05T13:19:27+00:00","og_image":[{"width":1000,"height":500,"url":"https:\/\/archives.legrandrepas.fr\/2025\/wp-content\/uploads\/2026\/01\/les-membres-du-conseil-de-surveillance-du-centre-hospitalier-vallee-de-la-maurienne-se-regalent-sur-le-pouce-du-dejeuner-cuisine-a-l-occasion-du-grand-repas-photo-le-dl-v-d-1760112806.jpg","type":"image\/jpeg"}],"author":"EMMA FOUQUET","twitter_card":"summary_large_image","twitter_misc":{"\u00c9crit par":"EMMA FOUQUET","Dur\u00e9e de lecture estim\u00e9e":"1 minute"},"schema":{"@context":"https:\/\/schema.org","@graph":[{"@type":"Article","@id":"https:\/\/archives.legrandrepas.fr\/2025\/maurienne-un-grand-repas-pour-favoriser-le-manger-ensemble-et-le-manger-local\/#article","isPartOf":{"@id":"https:\/\/archives.legrandrepas.fr\/2025\/maurienne-un-grand-repas-pour-favoriser-le-manger-ensemble-et-le-manger-local\/"},"author":{"name":"EMMA FOUQUET","@id":"https:\/\/archives.legrandrepas.fr\/2025\/#\/schema\/person\/b4e70f903b8278f9f67062be06395db8"},"headline":"Maurienne. Un Grand repas pour favoriser le manger ensemble, et le manger local","datePublished":"2026-01-05T13:19:27+00:00","dateModified":"2026-01-05T13:19:27+00:00","mainEntityOfPage":{"@id":"https:\/\/archives.legrandrepas.fr\/2025\/maurienne-un-grand-repas-pour-favoriser-le-manger-ensemble-et-le-manger-local\/"},"wordCount":103,"publisher":{"@id":"https:\/\/archives.legrandrepas.fr\/2025\/#organization"},"image":{"@id":"https:\/\/archives.legrandrepas.fr\/2025\/maurienne-un-grand-repas-pour-favoriser-le-manger-ensemble-et-le-manger-local\/#primaryimage"},"thumbnailUrl":"https:\/\/archives.legrandrepas.fr\/2025\/wp-content\/uploads\/2026\/01\/les-membres-du-conseil-de-surveillance-du-centre-hospitalier-vallee-de-la-maurienne-se-regalent-sur-le-pouce-du-dejeuner-cuisine-a-l-occasion-du-grand-repas-photo-le-dl-v-d-1760112806.jpg","inLanguage":"fr-FR"},{"@type":"WebPage","@id":"https:\/\/archives.legrandrepas.fr\/2025\/maurienne-un-grand-repas-pour-favoriser-le-manger-ensemble-et-le-manger-local\/","url":"https:\/\/archives.legrandrepas.fr\/2025\/maurienne-un-grand-repas-pour-favoriser-le-manger-ensemble-et-le-manger-local\/","name":"Maurienne. Un Grand repas pour favoriser le manger ensemble, et le manger local - Le Grand Repas","isPartOf":{"@id":"https:\/\/archives.legrandrepas.fr\/2025\/#website"},"primaryImageOfPage":{"@id":"https:\/\/archives.legrandrepas.fr\/2025\/maurienne-un-grand-repas-pour-favoriser-le-manger-ensemble-et-le-manger-local\/#primaryimage"},"image":{"@id":"https:\/\/archives.legrandrepas.fr\/2025\/maurienne-un-grand-repas-pour-favoriser-le-manger-ensemble-et-le-manger-local\/#primaryimage"},"thumbnailUrl":"https:\/\/archives.legrandrepas.fr\/2025\/wp-content\/uploads\/2026\/01\/les-membres-du-conseil-de-surveillance-du-centre-hospitalier-vallee-de-la-maurienne-se-regalent-sur-le-pouce-du-dejeuner-cuisine-a-l-occasion-du-grand-repas-photo-le-dl-v-d-1760112806.jpg","datePublished":"2026-01-05T13:19:27+00:00","dateModified":"2026-01-05T13:19:27+00:00","breadcrumb":{"@id":"https:\/\/archives.legrandrepas.fr\/2025\/maurienne-un-grand-repas-pour-favoriser-le-manger-ensemble-et-le-manger-local\/#breadcrumb"},"inLanguage":"fr-FR","potentialAction":[{"@type":"ReadAction","target":["https:\/\/archives.legrandrepas.fr\/2025\/maurienne-un-grand-repas-pour-favoriser-le-manger-ensemble-et-le-manger-local\/"]}]},{"@type":"ImageObject","inLanguage":"fr-FR","@id":"https:\/\/archives.legrandrepas.fr\/2025\/maurienne-un-grand-repas-pour-favoriser-le-manger-ensemble-et-le-manger-local\/#primaryimage","url":"https:\/\/archives.legrandrepas.fr\/2025\/wp-content\/uploads\/2026\/01\/les-membres-du-conseil-de-surveillance-du-centre-hospitalier-vallee-de-la-maurienne-se-regalent-sur-le-pouce-du-dejeuner-cuisine-a-l-occasion-du-grand-repas-photo-le-dl-v-d-1760112806.jpg","contentUrl":"https:\/\/archives.legrandrepas.fr\/2025\/wp-content\/uploads\/2026\/01\/les-membres-du-conseil-de-surveillance-du-centre-hospitalier-vallee-de-la-maurienne-se-regalent-sur-le-pouce-du-dejeuner-cuisine-a-l-occasion-du-grand-repas-photo-le-dl-v-d-1760112806.jpg","width":1000,"height":500},{"@type":"BreadcrumbList","@id":"https:\/\/archives.legrandrepas.fr\/2025\/maurienne-un-grand-repas-pour-favoriser-le-manger-ensemble-et-le-manger-local\/#breadcrumb","itemListElement":[{"@type":"ListItem","position":1,"name":"Accueil","item":"https:\/\/archives.legrandrepas.fr\/2025\/"},{"@type":"ListItem","position":2,"name":"Maurienne. Un Grand repas pour favoriser le manger ensemble, et le manger local"}]},{"@type":"WebSite","@id":"https:\/\/archives.legrandrepas.fr\/2025\/#website","url":"https:\/\/archives.legrandrepas.fr\/2025\/","name":"Le Grand Repas","description":"Le m\u00eame menu, le m\u00eame jour,  partag\u00e9 par tous les citoyens d&#039;un m\u00eame territoire","publisher":{"@id":"https:\/\/archives.legrandrepas.fr\/2025\/#organization"},"potentialAction":[{"@type":"SearchAction","target":{"@type":"EntryPoint","urlTemplate":"https:\/\/archives.legrandrepas.fr\/2025\/?s={search_term_string}"},"query-input":"required name=search_term_string"}],"inLanguage":"fr-FR"},{"@type":"Organization","@id":"https:\/\/archives.legrandrepas.fr\/2025\/#organization","name":"Association Le Grand Repas","url":"https:\/\/archives.legrandrepas.fr\/2025\/","logo":{"@type":"ImageObject","inLanguage":"fr-FR","@id":"https:\/\/archives.legrandrepas.fr\/2025\/#\/schema\/logo\/image\/","url":"https:\/\/archives.legrandrepas.fr\/wp-content\/uploads\/2022\/06\/logo-LGR.png","contentUrl":"https:\/\/archives.legrandrepas.fr\/wp-content\/uploads\/2022\/06\/logo-LGR.png","width":1280,"height":1278,"caption":"Association Le Grand Repas"},"image":{"@id":"https:\/\/archives.legrandrepas.fr\/2025\/#\/schema\/logo\/image\/"},"sameAs":["https:\/\/www.facebook.com\/LeGrandRepas\/","https:\/\/www.linkedin.com\/company\/79483218\/admin\/notifications\/all\/","https:\/\/www.instagram.com\/LeGrandRepas\/"]},{"@type":"Person","@id":"https:\/\/archives.legrandrepas.fr\/2025\/#\/schema\/person\/b4e70f903b8278f9f67062be06395db8","name":"EMMA FOUQUET","image":{"@type":"ImageObject","inLanguage":"fr-FR","@id":"https:\/\/archives.legrandrepas.fr\/2025\/#\/schema\/person\/image\/","url":"https:\/\/secure.gravatar.com\/avatar\/a4a94f502e0629141d15865102af30da15157583385abe46738d0d953b3906f9?s=96&d=mm&r=g","contentUrl":"https:\/\/secure.gravatar.com\/avatar\/a4a94f502e0629141d15865102af30da15157583385abe46738d0d953b3906f9?s=96&d=mm&r=g","caption":"EMMA FOUQUET"},"url":"https:\/\/archives.legrandrepas.fr\/2025"}]}},"_links":{"self":[{"href":"https:\/\/archives.legrandrepas.fr\/2025\/wp-json\/wp\/v2\/posts\/15344","targetHints":{"allow":["GET"]}}],"collection":[{"href":"https:\/\/archives.legrandrepas.fr\/2025\/wp-json\/wp\/v2\/posts"}],"about":[{"href":"https:\/\/archives.legrandrepas.fr\/2025\/wp-json\/wp\/v2\/types\/post"}],"author":[{"embeddable":true,"href":"https:\/\/archives.legrandrepas.fr\/2025\/wp-json\/wp\/v2\/users\/11"}],"replies":[{"embeddable":true,"href":"https:\/\/archives.legrandrepas.fr\/2025\/wp-json\/wp\/v2\/comments?post=15344"}],"version-history":[{"count":1,"href":"https:\/\/archives.legrandrepas.fr\/2025\/wp-json\/wp\/v2\/posts\/15344\/revisions"}],"predecessor-version":[{"id":15346,"href":"https:\/\/archives.legrandrepas.fr\/2025\/wp-json\/wp\/v2\/posts\/15344\/revisions\/15346"}],"wp:featuredmedia":[{"embeddable":true,"href":"https:\/\/archives.legrandrepas.fr\/2025\/wp-json\/wp\/v2\/media\/15345"}],"wp:attachment":[{"href":"https:\/\/archives.legrandrepas.fr\/2025\/wp-json\/wp\/v2\/media?parent=15344"}],"wp:term":[{"taxonomy":"category","embeddable":true,"href":"https:\/\/archives.legrandrepas.fr\/2025\/wp-json\/wp\/v2\/categories?post=15344"},{"taxonomy":"post_tag","embeddable":true,"href":"https:\/\/archives.legrandrepas.fr\/2025\/wp-json\/wp\/v2\/tags?post=15344"}],"curies":[{"name":"wp","href":"https:\/\/api.w.org\/{rel}","templated":true}]}}