{"id":15350,"date":"2026-02-11T10:09:39","date_gmt":"2026-02-11T09:09:39","guid":{"rendered":"https:\/\/archives.legrandrepas.fr\/?p=15350"},"modified":"2026-02-11T10:13:06","modified_gmt":"2026-02-11T09:13:06","slug":"press-book-2025-le-grand-repas-6eme-edition","status":"publish","type":"post","link":"https:\/\/archives.legrandrepas.fr\/2025\/press-book-2025-le-grand-repas-6eme-edition\/","title":{"rendered":"Press book 2025 &#8211; Le Grand Repas 6\u00e8me \u00e9dition"},"content":{"rendered":"<h2 class=\"heading heading--h2\">Press book 2025 &#8211; Le Grand Repas 6\u00e8me \u00e9dition<\/h2>\n<h3 class=\"heading heading--h3\">Notre press book est disponible en ligne afin de vous permettre de d\u00e9couvrir plus en d\u00e9tail l\u2019univers du Grand Repas.<\/h3>\n<h3 class=\"heading heading--h3\"><br data-start=\"179\" data-end=\"182\" \/>Vous y trouverez les retomb\u00e9es presse illustrant son rayonnement \u00e0 l\u2019\u00e9chelle nationale et locale.<\/h3>\n<p><a class=\"button button--primary\" href=\"https:\/\/archives.legrandrepas.fr\/dossier-presse\/press_book_lgr2025_010325 _au_151225.pdf\" target=\"_blank\" rel=\"noopener\">T\u00e9l\u00e9charger le press book<\/a><\/p>\n","protected":false},"excerpt":{"rendered":"<p>Press book 2025 &#8211; Le Grand Repas 6\u00e8me \u00e9dition Notre press book est disponible en ligne afin de vous permettre de d\u00e9couvrir plus en d\u00e9tail l\u2019univers du Grand Repas. Vous y trouverez les retomb\u00e9es presse illustrant son rayonnement \u00e0 l\u2019\u00e9chelle nationale et locale. T\u00e9l\u00e9charger le press book<\/p>\n","protected":false},"author":1,"featured_media":15323,"comment_status":"closed","ping_status":"closed","sticky":false,"template":"","format":"standard","meta":{"_acf_changed":false,"footnotes":""},"categories":[1],"tags":[],"class_list":["post-15350","post","type-post","status-publish","format-standard","has-post-thumbnail","hentry","category-non-classe"],"acf":[],"yoast_head":"<!-- This site is optimized with the Yoast SEO plugin v22.4 - https:\/\/yoast.com\/wordpress\/plugins\/seo\/ -->\n<title>Press book 2025 - Le Grand Repas 6\u00e8me \u00e9dition - Le Grand Repas<\/title>\n<meta name=\"robots\" content=\"index, follow, max-snippet:-1, max-image-preview:large, max-video-preview:-1\" \/>\n<link rel=\"canonical\" href=\"https:\/\/archives.legrandrepas.fr\/2025\/press-book-2025-le-grand-repas-6eme-edition\/\" \/>\n<meta property=\"og:locale\" content=\"fr_FR\" \/>\n<meta property=\"og:type\" content=\"article\" \/>\n<meta property=\"og:title\" content=\"Press book 2025 - Le Grand Repas 6\u00e8me \u00e9dition - Le Grand Repas\" \/>\n<meta property=\"og:description\" content=\"Press book 2025 &#8211; Le Grand Repas 6\u00e8me \u00e9dition Notre press book est disponible en ligne afin de vous permettre de d\u00e9couvrir plus en d\u00e9tail l\u2019univers du Grand Repas. Vous y trouverez les retomb\u00e9es presse illustrant son rayonnement \u00e0 l\u2019\u00e9chelle nationale et locale. T\u00e9l\u00e9charger le press book\" \/>\n<meta property=\"og:url\" content=\"https:\/\/archives.legrandrepas.fr\/2025\/press-book-2025-le-grand-repas-6eme-edition\/\" \/>\n<meta property=\"og:site_name\" content=\"Le Grand Repas\" \/>\n<meta property=\"article:publisher\" content=\"https:\/\/www.facebook.com\/LeGrandRepas\/\" \/>\n<meta property=\"article:published_time\" content=\"2026-02-11T09:09:39+00:00\" \/>\n<meta property=\"article:modified_time\" content=\"2026-02-11T09:13:06+00:00\" \/>\n<meta property=\"og:image\" content=\"https:\/\/archives.legrandrepas.fr\/2025\/wp-content\/uploads\/2026\/01\/Logo-lgr2025_HD.png\" \/>\n\t<meta property=\"og:image:width\" content=\"1\" \/>\n\t<meta property=\"og:image:height\" content=\"1\" \/>\n\t<meta property=\"og:image:type\" content=\"image\/png\" \/>\n<meta name=\"author\" content=\"tribu\" \/>\n<meta name=\"twitter:card\" content=\"summary_large_image\" \/>\n<meta name=\"twitter:label1\" content=\"\u00c9crit par\" \/>\n\t<meta name=\"twitter:data1\" content=\"tribu\" \/>\n\t<meta name=\"twitter:label2\" content=\"Dur\u00e9e de lecture estim\u00e9e\" \/>\n\t<meta name=\"twitter:data2\" content=\"1 minute\" \/>\n<script type=\"application\/ld+json\" class=\"yoast-schema-graph\">{\"@context\":\"https:\/\/schema.org\",\"@graph\":[{\"@type\":\"Article\",\"@id\":\"https:\/\/archives.legrandrepas.fr\/2025\/press-book-2025-le-grand-repas-6eme-edition\/#article\",\"isPartOf\":{\"@id\":\"https:\/\/archives.legrandrepas.fr\/2025\/press-book-2025-le-grand-repas-6eme-edition\/\"},\"author\":{\"name\":\"tribu\",\"@id\":\"https:\/\/archives.legrandrepas.fr\/2025\/#\/schema\/person\/e2926878da0d8d1d2f0cf2a37f5875c6\"},\"headline\":\"Press book 2025 &#8211; Le Grand Repas 6\u00e8me \u00e9dition\",\"datePublished\":\"2026-02-11T09:09:39+00:00\",\"dateModified\":\"2026-02-11T09:13:06+00:00\",\"mainEntityOfPage\":{\"@id\":\"https:\/\/archives.legrandrepas.fr\/2025\/press-book-2025-le-grand-repas-6eme-edition\/\"},\"wordCount\":60,\"publisher\":{\"@id\":\"https:\/\/archives.legrandrepas.fr\/2025\/#organization\"},\"image\":{\"@id\":\"https:\/\/archives.legrandrepas.fr\/2025\/press-book-2025-le-grand-repas-6eme-edition\/#primaryimage\"},\"thumbnailUrl\":\"https:\/\/archives.legrandrepas.fr\/2025\/wp-content\/uploads\/2026\/01\/Logo-lgr2025_HD.png\",\"inLanguage\":\"fr-FR\"},{\"@type\":\"WebPage\",\"@id\":\"https:\/\/archives.legrandrepas.fr\/2025\/press-book-2025-le-grand-repas-6eme-edition\/\",\"url\":\"https:\/\/archives.legrandrepas.fr\/2025\/press-book-2025-le-grand-repas-6eme-edition\/\",\"name\":\"Press book 2025 - Le Grand Repas 6\u00e8me \u00e9dition - Le Grand Repas\",\"isPartOf\":{\"@id\":\"https:\/\/archives.legrandrepas.fr\/2025\/#website\"},\"primaryImageOfPage\":{\"@id\":\"https:\/\/archives.legrandrepas.fr\/2025\/press-book-2025-le-grand-repas-6eme-edition\/#primaryimage\"},\"image\":{\"@id\":\"https:\/\/archives.legrandrepas.fr\/2025\/press-book-2025-le-grand-repas-6eme-edition\/#primaryimage\"},\"thumbnailUrl\":\"https:\/\/archives.legrandrepas.fr\/2025\/wp-content\/uploads\/2026\/01\/Logo-lgr2025_HD.png\",\"datePublished\":\"2026-02-11T09:09:39+00:00\",\"dateModified\":\"2026-02-11T09:13:06+00:00\",\"breadcrumb\":{\"@id\":\"https:\/\/archives.legrandrepas.fr\/2025\/press-book-2025-le-grand-repas-6eme-edition\/#breadcrumb\"},\"inLanguage\":\"fr-FR\",\"potentialAction\":[{\"@type\":\"ReadAction\",\"target\":[\"https:\/\/archives.legrandrepas.fr\/2025\/press-book-2025-le-grand-repas-6eme-edition\/\"]}]},{\"@type\":\"ImageObject\",\"inLanguage\":\"fr-FR\",\"@id\":\"https:\/\/archives.legrandrepas.fr\/2025\/press-book-2025-le-grand-repas-6eme-edition\/#primaryimage\",\"url\":\"https:\/\/archives.legrandrepas.fr\/2025\/wp-content\/uploads\/2026\/01\/Logo-lgr2025_HD.png\",\"contentUrl\":\"https:\/\/archives.legrandrepas.fr\/2025\/wp-content\/uploads\/2026\/01\/Logo-lgr2025_HD.png\"},{\"@type\":\"BreadcrumbList\",\"@id\":\"https:\/\/archives.legrandrepas.fr\/2025\/press-book-2025-le-grand-repas-6eme-edition\/#breadcrumb\",\"itemListElement\":[{\"@type\":\"ListItem\",\"position\":1,\"name\":\"Accueil\",\"item\":\"https:\/\/archives.legrandrepas.fr\/2025\/\"},{\"@type\":\"ListItem\",\"position\":2,\"name\":\"Press book 2025 &#8211; Le Grand Repas 6\u00e8me \u00e9dition\"}]},{\"@type\":\"WebSite\",\"@id\":\"https:\/\/archives.legrandrepas.fr\/2025\/#website\",\"url\":\"https:\/\/archives.legrandrepas.fr\/2025\/\",\"name\":\"Le Grand Repas\",\"description\":\"Le m\u00eame menu, le m\u00eame jour,  partag\u00e9 par tous les citoyens d&#039;un m\u00eame territoire\",\"publisher\":{\"@id\":\"https:\/\/archives.legrandrepas.fr\/2025\/#organization\"},\"potentialAction\":[{\"@type\":\"SearchAction\",\"target\":{\"@type\":\"EntryPoint\",\"urlTemplate\":\"https:\/\/archives.legrandrepas.fr\/2025\/?s={search_term_string}\"},\"query-input\":\"required name=search_term_string\"}],\"inLanguage\":\"fr-FR\"},{\"@type\":\"Organization\",\"@id\":\"https:\/\/archives.legrandrepas.fr\/2025\/#organization\",\"name\":\"Association Le Grand Repas\",\"url\":\"https:\/\/archives.legrandrepas.fr\/2025\/\",\"logo\":{\"@type\":\"ImageObject\",\"inLanguage\":\"fr-FR\",\"@id\":\"https:\/\/archives.legrandrepas.fr\/2025\/#\/schema\/logo\/image\/\",\"url\":\"https:\/\/archives.legrandrepas.fr\/wp-content\/uploads\/2022\/06\/logo-LGR.png\",\"contentUrl\":\"https:\/\/archives.legrandrepas.fr\/wp-content\/uploads\/2022\/06\/logo-LGR.png\",\"width\":1280,\"height\":1278,\"caption\":\"Association Le Grand Repas\"},\"image\":{\"@id\":\"https:\/\/archives.legrandrepas.fr\/2025\/#\/schema\/logo\/image\/\"},\"sameAs\":[\"https:\/\/www.facebook.com\/LeGrandRepas\/\",\"https:\/\/www.linkedin.com\/company\/79483218\/admin\/notifications\/all\/\",\"https:\/\/www.instagram.com\/LeGrandRepas\/\"]},{\"@type\":\"Person\",\"@id\":\"https:\/\/archives.legrandrepas.fr\/2025\/#\/schema\/person\/e2926878da0d8d1d2f0cf2a37f5875c6\",\"name\":\"tribu\",\"image\":{\"@type\":\"ImageObject\",\"inLanguage\":\"fr-FR\",\"@id\":\"https:\/\/archives.legrandrepas.fr\/2025\/#\/schema\/person\/image\/\",\"url\":\"https:\/\/secure.gravatar.com\/avatar\/9284c269f09a4fae56265410e60c2e976ccb44af15389bc14a172e0e584beb35?s=96&d=mm&r=g\",\"contentUrl\":\"https:\/\/secure.gravatar.com\/avatar\/9284c269f09a4fae56265410e60c2e976ccb44af15389bc14a172e0e584beb35?s=96&d=mm&r=g\",\"caption\":\"tribu\"},\"sameAs\":[\"https:\/\/archives.legrandrepas.fr\/2022\"],\"url\":\"https:\/\/archives.legrandrepas.fr\/2025\"}]}<\/script>\n<!-- \/ Yoast SEO plugin. -->","yoast_head_json":{"title":"Press book 2025 - Le Grand Repas 6\u00e8me \u00e9dition - Le Grand Repas","robots":{"index":"index","follow":"follow","max-snippet":"max-snippet:-1","max-image-preview":"max-image-preview:large","max-video-preview":"max-video-preview:-1"},"canonical":"https:\/\/archives.legrandrepas.fr\/2025\/press-book-2025-le-grand-repas-6eme-edition\/","og_locale":"fr_FR","og_type":"article","og_title":"Press book 2025 - Le Grand Repas 6\u00e8me \u00e9dition - Le Grand Repas","og_description":"Press book 2025 &#8211; Le Grand Repas 6\u00e8me \u00e9dition Notre press book est disponible en ligne afin de vous permettre de d\u00e9couvrir plus en d\u00e9tail l\u2019univers du Grand Repas. Vous y trouverez les retomb\u00e9es presse illustrant son rayonnement \u00e0 l\u2019\u00e9chelle nationale et locale. T\u00e9l\u00e9charger le press book","og_url":"https:\/\/archives.legrandrepas.fr\/2025\/press-book-2025-le-grand-repas-6eme-edition\/","og_site_name":"Le Grand Repas","article_publisher":"https:\/\/www.facebook.com\/LeGrandRepas\/","article_published_time":"2026-02-11T09:09:39+00:00","article_modified_time":"2026-02-11T09:13:06+00:00","og_image":[{"url":"https:\/\/archives.legrandrepas.fr\/2025\/wp-content\/uploads\/2026\/01\/Logo-lgr2025_HD.png","width":1,"height":1,"type":"image\/png"}],"author":"tribu","twitter_card":"summary_large_image","twitter_misc":{"\u00c9crit par":"tribu","Dur\u00e9e de lecture estim\u00e9e":"1 minute"},"schema":{"@context":"https:\/\/schema.org","@graph":[{"@type":"Article","@id":"https:\/\/archives.legrandrepas.fr\/2025\/press-book-2025-le-grand-repas-6eme-edition\/#article","isPartOf":{"@id":"https:\/\/archives.legrandrepas.fr\/2025\/press-book-2025-le-grand-repas-6eme-edition\/"},"author":{"name":"tribu","@id":"https:\/\/archives.legrandrepas.fr\/2025\/#\/schema\/person\/e2926878da0d8d1d2f0cf2a37f5875c6"},"headline":"Press book 2025 &#8211; Le Grand Repas 6\u00e8me \u00e9dition","datePublished":"2026-02-11T09:09:39+00:00","dateModified":"2026-02-11T09:13:06+00:00","mainEntityOfPage":{"@id":"https:\/\/archives.legrandrepas.fr\/2025\/press-book-2025-le-grand-repas-6eme-edition\/"},"wordCount":60,"publisher":{"@id":"https:\/\/archives.legrandrepas.fr\/2025\/#organization"},"image":{"@id":"https:\/\/archives.legrandrepas.fr\/2025\/press-book-2025-le-grand-repas-6eme-edition\/#primaryimage"},"thumbnailUrl":"https:\/\/archives.legrandrepas.fr\/2025\/wp-content\/uploads\/2026\/01\/Logo-lgr2025_HD.png","inLanguage":"fr-FR"},{"@type":"WebPage","@id":"https:\/\/archives.legrandrepas.fr\/2025\/press-book-2025-le-grand-repas-6eme-edition\/","url":"https:\/\/archives.legrandrepas.fr\/2025\/press-book-2025-le-grand-repas-6eme-edition\/","name":"Press book 2025 - Le Grand Repas 6\u00e8me \u00e9dition - Le Grand Repas","isPartOf":{"@id":"https:\/\/archives.legrandrepas.fr\/2025\/#website"},"primaryImageOfPage":{"@id":"https:\/\/archives.legrandrepas.fr\/2025\/press-book-2025-le-grand-repas-6eme-edition\/#primaryimage"},"image":{"@id":"https:\/\/archives.legrandrepas.fr\/2025\/press-book-2025-le-grand-repas-6eme-edition\/#primaryimage"},"thumbnailUrl":"https:\/\/archives.legrandrepas.fr\/2025\/wp-content\/uploads\/2026\/01\/Logo-lgr2025_HD.png","datePublished":"2026-02-11T09:09:39+00:00","dateModified":"2026-02-11T09:13:06+00:00","breadcrumb":{"@id":"https:\/\/archives.legrandrepas.fr\/2025\/press-book-2025-le-grand-repas-6eme-edition\/#breadcrumb"},"inLanguage":"fr-FR","potentialAction":[{"@type":"ReadAction","target":["https:\/\/archives.legrandrepas.fr\/2025\/press-book-2025-le-grand-repas-6eme-edition\/"]}]},{"@type":"ImageObject","inLanguage":"fr-FR","@id":"https:\/\/archives.legrandrepas.fr\/2025\/press-book-2025-le-grand-repas-6eme-edition\/#primaryimage","url":"https:\/\/archives.legrandrepas.fr\/2025\/wp-content\/uploads\/2026\/01\/Logo-lgr2025_HD.png","contentUrl":"https:\/\/archives.legrandrepas.fr\/2025\/wp-content\/uploads\/2026\/01\/Logo-lgr2025_HD.png"},{"@type":"BreadcrumbList","@id":"https:\/\/archives.legrandrepas.fr\/2025\/press-book-2025-le-grand-repas-6eme-edition\/#breadcrumb","itemListElement":[{"@type":"ListItem","position":1,"name":"Accueil","item":"https:\/\/archives.legrandrepas.fr\/2025\/"},{"@type":"ListItem","position":2,"name":"Press book 2025 &#8211; Le Grand Repas 6\u00e8me \u00e9dition"}]},{"@type":"WebSite","@id":"https:\/\/archives.legrandrepas.fr\/2025\/#website","url":"https:\/\/archives.legrandrepas.fr\/2025\/","name":"Le Grand Repas","description":"Le m\u00eame menu, le m\u00eame jour,  partag\u00e9 par tous les citoyens d&#039;un m\u00eame territoire","publisher":{"@id":"https:\/\/archives.legrandrepas.fr\/2025\/#organization"},"potentialAction":[{"@type":"SearchAction","target":{"@type":"EntryPoint","urlTemplate":"https:\/\/archives.legrandrepas.fr\/2025\/?s={search_term_string}"},"query-input":"required name=search_term_string"}],"inLanguage":"fr-FR"},{"@type":"Organization","@id":"https:\/\/archives.legrandrepas.fr\/2025\/#organization","name":"Association Le Grand Repas","url":"https:\/\/archives.legrandrepas.fr\/2025\/","logo":{"@type":"ImageObject","inLanguage":"fr-FR","@id":"https:\/\/archives.legrandrepas.fr\/2025\/#\/schema\/logo\/image\/","url":"https:\/\/archives.legrandrepas.fr\/wp-content\/uploads\/2022\/06\/logo-LGR.png","contentUrl":"https:\/\/archives.legrandrepas.fr\/wp-content\/uploads\/2022\/06\/logo-LGR.png","width":1280,"height":1278,"caption":"Association Le Grand Repas"},"image":{"@id":"https:\/\/archives.legrandrepas.fr\/2025\/#\/schema\/logo\/image\/"},"sameAs":["https:\/\/www.facebook.com\/LeGrandRepas\/","https:\/\/www.linkedin.com\/company\/79483218\/admin\/notifications\/all\/","https:\/\/www.instagram.com\/LeGrandRepas\/"]},{"@type":"Person","@id":"https:\/\/archives.legrandrepas.fr\/2025\/#\/schema\/person\/e2926878da0d8d1d2f0cf2a37f5875c6","name":"tribu","image":{"@type":"ImageObject","inLanguage":"fr-FR","@id":"https:\/\/archives.legrandrepas.fr\/2025\/#\/schema\/person\/image\/","url":"https:\/\/secure.gravatar.com\/avatar\/9284c269f09a4fae56265410e60c2e976ccb44af15389bc14a172e0e584beb35?s=96&d=mm&r=g","contentUrl":"https:\/\/secure.gravatar.com\/avatar\/9284c269f09a4fae56265410e60c2e976ccb44af15389bc14a172e0e584beb35?s=96&d=mm&r=g","caption":"tribu"},"sameAs":["https:\/\/archives.legrandrepas.fr\/2022"],"url":"https:\/\/archives.legrandrepas.fr\/2025"}]}},"_links":{"self":[{"href":"https:\/\/archives.legrandrepas.fr\/2025\/wp-json\/wp\/v2\/posts\/15350","targetHints":{"allow":["GET"]}}],"collection":[{"href":"https:\/\/archives.legrandrepas.fr\/2025\/wp-json\/wp\/v2\/posts"}],"about":[{"href":"https:\/\/archives.legrandrepas.fr\/2025\/wp-json\/wp\/v2\/types\/post"}],"author":[{"embeddable":true,"href":"https:\/\/archives.legrandrepas.fr\/2025\/wp-json\/wp\/v2\/users\/1"}],"replies":[{"embeddable":true,"href":"https:\/\/archives.legrandrepas.fr\/2025\/wp-json\/wp\/v2\/comments?post=15350"}],"version-history":[{"count":4,"href":"https:\/\/archives.legrandrepas.fr\/2025\/wp-json\/wp\/v2\/posts\/15350\/revisions"}],"predecessor-version":[{"id":15387,"href":"https:\/\/archives.legrandrepas.fr\/2025\/wp-json\/wp\/v2\/posts\/15350\/revisions\/15387"}],"wp:featuredmedia":[{"embeddable":true,"href":"https:\/\/archives.legrandrepas.fr\/2025\/wp-json\/wp\/v2\/media\/15323"}],"wp:attachment":[{"href":"https:\/\/archives.legrandrepas.fr\/2025\/wp-json\/wp\/v2\/media?parent=15350"}],"wp:term":[{"taxonomy":"category","embeddable":true,"href":"https:\/\/archives.legrandrepas.fr\/2025\/wp-json\/wp\/v2\/categories?post=15350"},{"taxonomy":"post_tag","embeddable":true,"href":"https:\/\/archives.legrandrepas.fr\/2025\/wp-json\/wp\/v2\/tags?post=15350"}],"curies":[{"name":"wp","href":"https:\/\/api.w.org\/{rel}","templated":true}]}}