{"id":3631,"date":"2022-10-19T09:39:49","date_gmt":"2022-10-19T07:39:49","guid":{"rendered":"https:\/\/archives.legrandrepas.fr\/?p=3631"},"modified":"2022-10-19T09:39:49","modified_gmt":"2022-10-19T07:39:49","slug":"le-concept-le-grand-repas-revient-pour-son-edition-2022","status":"publish","type":"post","link":"https:\/\/archives.legrandrepas.fr\/2025\/le-concept-le-grand-repas-revient-pour-son-edition-2022\/","title":{"rendered":"LE CONCEPT LE GRAND REPAS REVIENT POUR SON \u00c9DITION 2022"},"content":{"rendered":"<h2 class=\"heading heading--h2\">LE CONCEPT LE GRAND REPAS REVIENT POUR SON \u00c9DITION 2022<\/h2>\n<p><strong>L\u2019association\u00a0<a href=\"https:\/\/archives.legrandrepas.fr\/\">Le Grand Repas<\/a>\u00a0d\u00e9ploie \u00e0 travers toute la France le concept Le Grand Repas. Ainsi, le jeudi 20 octobre 2022, divers acteurs de la restauration proposent aux citoyens d\u2019un m\u00eame territoire de partager un m\u00eame menu local. Chaque menu est \u00e9labor\u00e9 et con\u00e7u par une marraine ou un parrain\u00a0<a href=\"https:\/\/freshmagparis.com\/?s=chef\">Chef<\/a>\u00a0local avec des produits locaux et de saison.<\/strong><\/p>\n<h3 class=\"heading heading--h3\">LE CONCEPT LE GRAND REPAS<\/h3>\n<p>Ce concept fut lanc\u00e9 par l\u2019association Le Grand Repas. Une association cr\u00e9\u00e9e par Emmanuel Herv\u00e9 et ayant pour ambassadeurs de grands chefs tels que Thierry Marx et Guillaume Gomez <a class=\"button button--primary\" href=\"https:\/\/freshmagparis.com\/le-grand-repas-edition-2022\/\">Lire la suite<\/a><\/p>\n","protected":false},"excerpt":{"rendered":"<p>LE CONCEPT LE GRAND REPAS REVIENT POUR SON \u00c9DITION 2022 L\u2019association\u00a0Le Grand Repas\u00a0d\u00e9ploie \u00e0 travers toute la France le concept Le Grand Repas. Ainsi, le jeudi 20 octobre 2022, divers acteurs de la restauration proposent aux citoyens d\u2019un m\u00eame territoire de partager un m\u00eame menu local. Chaque menu est \u00e9labor\u00e9 et con\u00e7u par une marraine [&hellip;]<\/p>\n","protected":false},"author":11,"featured_media":1329,"comment_status":"closed","ping_status":"closed","sticky":false,"template":"","format":"standard","meta":{"_acf_changed":false,"footnotes":""},"categories":[1],"tags":[],"class_list":["post-3631","post","type-post","status-publish","format-standard","has-post-thumbnail","hentry","category-non-classe"],"acf":[],"yoast_head":"<!-- This site is optimized with the Yoast SEO plugin v22.4 - https:\/\/yoast.com\/wordpress\/plugins\/seo\/ -->\n<title>LE CONCEPT LE GRAND REPAS REVIENT POUR SON \u00c9DITION 2022 - Le Grand Repas<\/title>\n<meta name=\"robots\" content=\"index, follow, max-snippet:-1, max-image-preview:large, max-video-preview:-1\" \/>\n<link rel=\"canonical\" href=\"https:\/\/archives.legrandrepas.fr\/2025\/le-concept-le-grand-repas-revient-pour-son-edition-2022\/\" \/>\n<meta property=\"og:locale\" content=\"fr_FR\" \/>\n<meta property=\"og:type\" content=\"article\" \/>\n<meta property=\"og:title\" content=\"LE CONCEPT LE GRAND REPAS REVIENT POUR SON \u00c9DITION 2022 - Le Grand Repas\" \/>\n<meta property=\"og:description\" content=\"LE CONCEPT LE GRAND REPAS REVIENT POUR SON \u00c9DITION 2022 L\u2019association\u00a0Le Grand Repas\u00a0d\u00e9ploie \u00e0 travers toute la France le concept Le Grand Repas. Ainsi, le jeudi 20 octobre 2022, divers acteurs de la restauration proposent aux citoyens d\u2019un m\u00eame territoire de partager un m\u00eame menu local. Chaque menu est \u00e9labor\u00e9 et con\u00e7u par une marraine [&hellip;]\" \/>\n<meta property=\"og:url\" content=\"https:\/\/archives.legrandrepas.fr\/2025\/le-concept-le-grand-repas-revient-pour-son-edition-2022\/\" \/>\n<meta property=\"og:site_name\" content=\"Le Grand Repas\" \/>\n<meta property=\"article:publisher\" content=\"https:\/\/www.facebook.com\/LeGrandRepas\/\" \/>\n<meta property=\"article:published_time\" content=\"2022-10-19T07:39:49+00:00\" \/>\n<meta property=\"og:image\" content=\"https:\/\/archives.legrandrepas.fr\/2025\/wp-content\/uploads\/2022\/09\/Capture-de\u0301cran-2022-09-20-a\u0300-09.44.23-1022x1024.png\" \/>\n\t<meta property=\"og:image:width\" content=\"1022\" \/>\n\t<meta property=\"og:image:height\" content=\"1024\" \/>\n\t<meta property=\"og:image:type\" content=\"image\/png\" \/>\n<meta name=\"author\" content=\"EMMA FOUQUET\" \/>\n<meta name=\"twitter:card\" content=\"summary_large_image\" \/>\n<meta name=\"twitter:label1\" content=\"\u00c9crit par\" \/>\n\t<meta name=\"twitter:data1\" content=\"EMMA FOUQUET\" \/>\n\t<meta name=\"twitter:label2\" content=\"Dur\u00e9e de lecture estim\u00e9e\" \/>\n\t<meta name=\"twitter:data2\" content=\"1 minute\" \/>\n<script type=\"application\/ld+json\" class=\"yoast-schema-graph\">{\"@context\":\"https:\/\/schema.org\",\"@graph\":[{\"@type\":\"Article\",\"@id\":\"https:\/\/archives.legrandrepas.fr\/2025\/le-concept-le-grand-repas-revient-pour-son-edition-2022\/#article\",\"isPartOf\":{\"@id\":\"https:\/\/archives.legrandrepas.fr\/2025\/le-concept-le-grand-repas-revient-pour-son-edition-2022\/\"},\"author\":{\"name\":\"EMMA FOUQUET\",\"@id\":\"https:\/\/archives.legrandrepas.fr\/2025\/#\/schema\/person\/b4e70f903b8278f9f67062be06395db8\"},\"headline\":\"LE CONCEPT LE GRAND REPAS REVIENT POUR SON \u00c9DITION 2022\",\"datePublished\":\"2022-10-19T07:39:49+00:00\",\"dateModified\":\"2022-10-19T07:39:49+00:00\",\"mainEntityOfPage\":{\"@id\":\"https:\/\/archives.legrandrepas.fr\/2025\/le-concept-le-grand-repas-revient-pour-son-edition-2022\/\"},\"wordCount\":119,\"publisher\":{\"@id\":\"https:\/\/archives.legrandrepas.fr\/2025\/#organization\"},\"image\":{\"@id\":\"https:\/\/archives.legrandrepas.fr\/2025\/le-concept-le-grand-repas-revient-pour-son-edition-2022\/#primaryimage\"},\"thumbnailUrl\":\"https:\/\/archives.legrandrepas.fr\/2025\/wp-content\/uploads\/2022\/09\/Capture-de\u0301cran-2022-09-20-a\u0300-09.44.23.png\",\"inLanguage\":\"fr-FR\"},{\"@type\":\"WebPage\",\"@id\":\"https:\/\/archives.legrandrepas.fr\/2025\/le-concept-le-grand-repas-revient-pour-son-edition-2022\/\",\"url\":\"https:\/\/archives.legrandrepas.fr\/2025\/le-concept-le-grand-repas-revient-pour-son-edition-2022\/\",\"name\":\"LE CONCEPT LE GRAND REPAS REVIENT POUR SON \u00c9DITION 2022 - Le Grand Repas\",\"isPartOf\":{\"@id\":\"https:\/\/archives.legrandrepas.fr\/2025\/#website\"},\"primaryImageOfPage\":{\"@id\":\"https:\/\/archives.legrandrepas.fr\/2025\/le-concept-le-grand-repas-revient-pour-son-edition-2022\/#primaryimage\"},\"image\":{\"@id\":\"https:\/\/archives.legrandrepas.fr\/2025\/le-concept-le-grand-repas-revient-pour-son-edition-2022\/#primaryimage\"},\"thumbnailUrl\":\"https:\/\/archives.legrandrepas.fr\/2025\/wp-content\/uploads\/2022\/09\/Capture-de\u0301cran-2022-09-20-a\u0300-09.44.23.png\",\"datePublished\":\"2022-10-19T07:39:49+00:00\",\"dateModified\":\"2022-10-19T07:39:49+00:00\",\"breadcrumb\":{\"@id\":\"https:\/\/archives.legrandrepas.fr\/2025\/le-concept-le-grand-repas-revient-pour-son-edition-2022\/#breadcrumb\"},\"inLanguage\":\"fr-FR\",\"potentialAction\":[{\"@type\":\"ReadAction\",\"target\":[\"https:\/\/archives.legrandrepas.fr\/2025\/le-concept-le-grand-repas-revient-pour-son-edition-2022\/\"]}]},{\"@type\":\"ImageObject\",\"inLanguage\":\"fr-FR\",\"@id\":\"https:\/\/archives.legrandrepas.fr\/2025\/le-concept-le-grand-repas-revient-pour-son-edition-2022\/#primaryimage\",\"url\":\"https:\/\/archives.legrandrepas.fr\/2025\/wp-content\/uploads\/2022\/09\/Capture-de\u0301cran-2022-09-20-a\u0300-09.44.23.png\",\"contentUrl\":\"https:\/\/archives.legrandrepas.fr\/2025\/wp-content\/uploads\/2022\/09\/Capture-de\u0301cran-2022-09-20-a\u0300-09.44.23.png\",\"width\":1314,\"height\":1316},{\"@type\":\"BreadcrumbList\",\"@id\":\"https:\/\/archives.legrandrepas.fr\/2025\/le-concept-le-grand-repas-revient-pour-son-edition-2022\/#breadcrumb\",\"itemListElement\":[{\"@type\":\"ListItem\",\"position\":1,\"name\":\"Accueil\",\"item\":\"https:\/\/archives.legrandrepas.fr\/2025\/\"},{\"@type\":\"ListItem\",\"position\":2,\"name\":\"LE CONCEPT LE GRAND REPAS REVIENT POUR SON \u00c9DITION 2022\"}]},{\"@type\":\"WebSite\",\"@id\":\"https:\/\/archives.legrandrepas.fr\/2025\/#website\",\"url\":\"https:\/\/archives.legrandrepas.fr\/2025\/\",\"name\":\"Le Grand Repas\",\"description\":\"Le m\u00eame menu, le m\u00eame jour,  partag\u00e9 par tous les citoyens d&#039;un m\u00eame territoire\",\"publisher\":{\"@id\":\"https:\/\/archives.legrandrepas.fr\/2025\/#organization\"},\"potentialAction\":[{\"@type\":\"SearchAction\",\"target\":{\"@type\":\"EntryPoint\",\"urlTemplate\":\"https:\/\/archives.legrandrepas.fr\/2025\/?s={search_term_string}\"},\"query-input\":\"required name=search_term_string\"}],\"inLanguage\":\"fr-FR\"},{\"@type\":\"Organization\",\"@id\":\"https:\/\/archives.legrandrepas.fr\/2025\/#organization\",\"name\":\"Association Le Grand Repas\",\"url\":\"https:\/\/archives.legrandrepas.fr\/2025\/\",\"logo\":{\"@type\":\"ImageObject\",\"inLanguage\":\"fr-FR\",\"@id\":\"https:\/\/archives.legrandrepas.fr\/2025\/#\/schema\/logo\/image\/\",\"url\":\"https:\/\/archives.legrandrepas.fr\/wp-content\/uploads\/2022\/06\/logo-LGR.png\",\"contentUrl\":\"https:\/\/archives.legrandrepas.fr\/wp-content\/uploads\/2022\/06\/logo-LGR.png\",\"width\":1280,\"height\":1278,\"caption\":\"Association Le Grand Repas\"},\"image\":{\"@id\":\"https:\/\/archives.legrandrepas.fr\/2025\/#\/schema\/logo\/image\/\"},\"sameAs\":[\"https:\/\/www.facebook.com\/LeGrandRepas\/\",\"https:\/\/www.linkedin.com\/company\/79483218\/admin\/notifications\/all\/\",\"https:\/\/www.instagram.com\/LeGrandRepas\/\"]},{\"@type\":\"Person\",\"@id\":\"https:\/\/archives.legrandrepas.fr\/2025\/#\/schema\/person\/b4e70f903b8278f9f67062be06395db8\",\"name\":\"EMMA FOUQUET\",\"image\":{\"@type\":\"ImageObject\",\"inLanguage\":\"fr-FR\",\"@id\":\"https:\/\/archives.legrandrepas.fr\/2025\/#\/schema\/person\/image\/\",\"url\":\"https:\/\/secure.gravatar.com\/avatar\/a4a94f502e0629141d15865102af30da15157583385abe46738d0d953b3906f9?s=96&d=mm&r=g\",\"contentUrl\":\"https:\/\/secure.gravatar.com\/avatar\/a4a94f502e0629141d15865102af30da15157583385abe46738d0d953b3906f9?s=96&d=mm&r=g\",\"caption\":\"EMMA FOUQUET\"},\"url\":\"https:\/\/archives.legrandrepas.fr\/2025\"}]}<\/script>\n<!-- \/ Yoast SEO plugin. -->","yoast_head_json":{"title":"LE CONCEPT LE GRAND REPAS REVIENT POUR SON \u00c9DITION 2022 - Le Grand Repas","robots":{"index":"index","follow":"follow","max-snippet":"max-snippet:-1","max-image-preview":"max-image-preview:large","max-video-preview":"max-video-preview:-1"},"canonical":"https:\/\/archives.legrandrepas.fr\/2025\/le-concept-le-grand-repas-revient-pour-son-edition-2022\/","og_locale":"fr_FR","og_type":"article","og_title":"LE CONCEPT LE GRAND REPAS REVIENT POUR SON \u00c9DITION 2022 - Le Grand Repas","og_description":"LE CONCEPT LE GRAND REPAS REVIENT POUR SON \u00c9DITION 2022 L\u2019association\u00a0Le Grand Repas\u00a0d\u00e9ploie \u00e0 travers toute la France le concept Le Grand Repas. Ainsi, le jeudi 20 octobre 2022, divers acteurs de la restauration proposent aux citoyens d\u2019un m\u00eame territoire de partager un m\u00eame menu local. Chaque menu est \u00e9labor\u00e9 et con\u00e7u par une marraine [&hellip;]","og_url":"https:\/\/archives.legrandrepas.fr\/2025\/le-concept-le-grand-repas-revient-pour-son-edition-2022\/","og_site_name":"Le Grand Repas","article_publisher":"https:\/\/www.facebook.com\/LeGrandRepas\/","article_published_time":"2022-10-19T07:39:49+00:00","og_image":[{"width":1022,"height":1024,"url":"https:\/\/archives.legrandrepas.fr\/2025\/wp-content\/uploads\/2022\/09\/Capture-de\u0301cran-2022-09-20-a\u0300-09.44.23-1022x1024.png","type":"image\/png"}],"author":"EMMA FOUQUET","twitter_card":"summary_large_image","twitter_misc":{"\u00c9crit par":"EMMA FOUQUET","Dur\u00e9e de lecture estim\u00e9e":"1 minute"},"schema":{"@context":"https:\/\/schema.org","@graph":[{"@type":"Article","@id":"https:\/\/archives.legrandrepas.fr\/2025\/le-concept-le-grand-repas-revient-pour-son-edition-2022\/#article","isPartOf":{"@id":"https:\/\/archives.legrandrepas.fr\/2025\/le-concept-le-grand-repas-revient-pour-son-edition-2022\/"},"author":{"name":"EMMA FOUQUET","@id":"https:\/\/archives.legrandrepas.fr\/2025\/#\/schema\/person\/b4e70f903b8278f9f67062be06395db8"},"headline":"LE CONCEPT LE GRAND REPAS REVIENT POUR SON \u00c9DITION 2022","datePublished":"2022-10-19T07:39:49+00:00","dateModified":"2022-10-19T07:39:49+00:00","mainEntityOfPage":{"@id":"https:\/\/archives.legrandrepas.fr\/2025\/le-concept-le-grand-repas-revient-pour-son-edition-2022\/"},"wordCount":119,"publisher":{"@id":"https:\/\/archives.legrandrepas.fr\/2025\/#organization"},"image":{"@id":"https:\/\/archives.legrandrepas.fr\/2025\/le-concept-le-grand-repas-revient-pour-son-edition-2022\/#primaryimage"},"thumbnailUrl":"https:\/\/archives.legrandrepas.fr\/2025\/wp-content\/uploads\/2022\/09\/Capture-de\u0301cran-2022-09-20-a\u0300-09.44.23.png","inLanguage":"fr-FR"},{"@type":"WebPage","@id":"https:\/\/archives.legrandrepas.fr\/2025\/le-concept-le-grand-repas-revient-pour-son-edition-2022\/","url":"https:\/\/archives.legrandrepas.fr\/2025\/le-concept-le-grand-repas-revient-pour-son-edition-2022\/","name":"LE CONCEPT LE GRAND REPAS REVIENT POUR SON \u00c9DITION 2022 - Le Grand Repas","isPartOf":{"@id":"https:\/\/archives.legrandrepas.fr\/2025\/#website"},"primaryImageOfPage":{"@id":"https:\/\/archives.legrandrepas.fr\/2025\/le-concept-le-grand-repas-revient-pour-son-edition-2022\/#primaryimage"},"image":{"@id":"https:\/\/archives.legrandrepas.fr\/2025\/le-concept-le-grand-repas-revient-pour-son-edition-2022\/#primaryimage"},"thumbnailUrl":"https:\/\/archives.legrandrepas.fr\/2025\/wp-content\/uploads\/2022\/09\/Capture-de\u0301cran-2022-09-20-a\u0300-09.44.23.png","datePublished":"2022-10-19T07:39:49+00:00","dateModified":"2022-10-19T07:39:49+00:00","breadcrumb":{"@id":"https:\/\/archives.legrandrepas.fr\/2025\/le-concept-le-grand-repas-revient-pour-son-edition-2022\/#breadcrumb"},"inLanguage":"fr-FR","potentialAction":[{"@type":"ReadAction","target":["https:\/\/archives.legrandrepas.fr\/2025\/le-concept-le-grand-repas-revient-pour-son-edition-2022\/"]}]},{"@type":"ImageObject","inLanguage":"fr-FR","@id":"https:\/\/archives.legrandrepas.fr\/2025\/le-concept-le-grand-repas-revient-pour-son-edition-2022\/#primaryimage","url":"https:\/\/archives.legrandrepas.fr\/2025\/wp-content\/uploads\/2022\/09\/Capture-de\u0301cran-2022-09-20-a\u0300-09.44.23.png","contentUrl":"https:\/\/archives.legrandrepas.fr\/2025\/wp-content\/uploads\/2022\/09\/Capture-de\u0301cran-2022-09-20-a\u0300-09.44.23.png","width":1314,"height":1316},{"@type":"BreadcrumbList","@id":"https:\/\/archives.legrandrepas.fr\/2025\/le-concept-le-grand-repas-revient-pour-son-edition-2022\/#breadcrumb","itemListElement":[{"@type":"ListItem","position":1,"name":"Accueil","item":"https:\/\/archives.legrandrepas.fr\/2025\/"},{"@type":"ListItem","position":2,"name":"LE CONCEPT LE GRAND REPAS REVIENT POUR SON \u00c9DITION 2022"}]},{"@type":"WebSite","@id":"https:\/\/archives.legrandrepas.fr\/2025\/#website","url":"https:\/\/archives.legrandrepas.fr\/2025\/","name":"Le Grand Repas","description":"Le m\u00eame menu, le m\u00eame jour,  partag\u00e9 par tous les citoyens d&#039;un m\u00eame territoire","publisher":{"@id":"https:\/\/archives.legrandrepas.fr\/2025\/#organization"},"potentialAction":[{"@type":"SearchAction","target":{"@type":"EntryPoint","urlTemplate":"https:\/\/archives.legrandrepas.fr\/2025\/?s={search_term_string}"},"query-input":"required name=search_term_string"}],"inLanguage":"fr-FR"},{"@type":"Organization","@id":"https:\/\/archives.legrandrepas.fr\/2025\/#organization","name":"Association Le Grand Repas","url":"https:\/\/archives.legrandrepas.fr\/2025\/","logo":{"@type":"ImageObject","inLanguage":"fr-FR","@id":"https:\/\/archives.legrandrepas.fr\/2025\/#\/schema\/logo\/image\/","url":"https:\/\/archives.legrandrepas.fr\/wp-content\/uploads\/2022\/06\/logo-LGR.png","contentUrl":"https:\/\/archives.legrandrepas.fr\/wp-content\/uploads\/2022\/06\/logo-LGR.png","width":1280,"height":1278,"caption":"Association Le Grand Repas"},"image":{"@id":"https:\/\/archives.legrandrepas.fr\/2025\/#\/schema\/logo\/image\/"},"sameAs":["https:\/\/www.facebook.com\/LeGrandRepas\/","https:\/\/www.linkedin.com\/company\/79483218\/admin\/notifications\/all\/","https:\/\/www.instagram.com\/LeGrandRepas\/"]},{"@type":"Person","@id":"https:\/\/archives.legrandrepas.fr\/2025\/#\/schema\/person\/b4e70f903b8278f9f67062be06395db8","name":"EMMA FOUQUET","image":{"@type":"ImageObject","inLanguage":"fr-FR","@id":"https:\/\/archives.legrandrepas.fr\/2025\/#\/schema\/person\/image\/","url":"https:\/\/secure.gravatar.com\/avatar\/a4a94f502e0629141d15865102af30da15157583385abe46738d0d953b3906f9?s=96&d=mm&r=g","contentUrl":"https:\/\/secure.gravatar.com\/avatar\/a4a94f502e0629141d15865102af30da15157583385abe46738d0d953b3906f9?s=96&d=mm&r=g","caption":"EMMA FOUQUET"},"url":"https:\/\/archives.legrandrepas.fr\/2025"}]}},"_links":{"self":[{"href":"https:\/\/archives.legrandrepas.fr\/2025\/wp-json\/wp\/v2\/posts\/3631","targetHints":{"allow":["GET"]}}],"collection":[{"href":"https:\/\/archives.legrandrepas.fr\/2025\/wp-json\/wp\/v2\/posts"}],"about":[{"href":"https:\/\/archives.legrandrepas.fr\/2025\/wp-json\/wp\/v2\/types\/post"}],"author":[{"embeddable":true,"href":"https:\/\/archives.legrandrepas.fr\/2025\/wp-json\/wp\/v2\/users\/11"}],"replies":[{"embeddable":true,"href":"https:\/\/archives.legrandrepas.fr\/2025\/wp-json\/wp\/v2\/comments?post=3631"}],"version-history":[{"count":2,"href":"https:\/\/archives.legrandrepas.fr\/2025\/wp-json\/wp\/v2\/posts\/3631\/revisions"}],"predecessor-version":[{"id":3633,"href":"https:\/\/archives.legrandrepas.fr\/2025\/wp-json\/wp\/v2\/posts\/3631\/revisions\/3633"}],"wp:featuredmedia":[{"embeddable":true,"href":"https:\/\/archives.legrandrepas.fr\/2025\/wp-json\/wp\/v2\/media\/1329"}],"wp:attachment":[{"href":"https:\/\/archives.legrandrepas.fr\/2025\/wp-json\/wp\/v2\/media?parent=3631"}],"wp:term":[{"taxonomy":"category","embeddable":true,"href":"https:\/\/archives.legrandrepas.fr\/2025\/wp-json\/wp\/v2\/categories?post=3631"},{"taxonomy":"post_tag","embeddable":true,"href":"https:\/\/archives.legrandrepas.fr\/2025\/wp-json\/wp\/v2\/tags?post=3631"}],"curies":[{"name":"wp","href":"https:\/\/api.w.org\/{rel}","templated":true}]}}