{"id":6345,"date":"2023-10-14T13:11:44","date_gmt":"2023-10-14T11:11:44","guid":{"rendered":"https:\/\/archives.legrandrepas.fr\/?p=6345"},"modified":"2024-01-10T15:27:08","modified_gmt":"2024-01-10T14:27:08","slug":"tous-ensemble-pour-deguster-le-grand-repas","status":"publish","type":"post","link":"https:\/\/archives.legrandrepas.fr\/2025\/tous-ensemble-pour-deguster-le-grand-repas\/","title":{"rendered":"Tous ensemble pour d\u00e9guster Le Grand Repas"},"content":{"rendered":"<h2 class=\"heading heading--h2\">Tous ensemble pour d\u00e9guster Le Grand Repas<\/h2>\n<p>Jeudi prochain, 19 octobre, ce sera Le Grand Repas, partout en France. Cette initiative permet \u00e0 la restauration traditionnelle et collective de se retrouver autour d\u2019un m\u00eame menu \u00e9tabli, dans chaque r\u00e9gion, \u00e0 partir de produits locaux.<\/p>\n<p><a class=\"button button--primary\" href=\"https:\/\/www.francetvinfo.fr\/replay-radio\/c-est-mon-assiette\/tous-ensemble-pour-deguster-le-grand-repas_6092229.html\">Lire la suite <\/a><\/p>\n","protected":false},"excerpt":{"rendered":"<p>Tous ensemble pour d\u00e9guster Le Grand Repas Jeudi prochain, 19 octobre, ce sera Le Grand Repas, partout en France. Cette initiative permet \u00e0 la restauration traditionnelle et collective de se retrouver autour d\u2019un m\u00eame menu \u00e9tabli, dans chaque r\u00e9gion, \u00e0 partir de produits locaux. Lire la suite<\/p>\n","protected":false},"author":11,"featured_media":6346,"comment_status":"closed","ping_status":"closed","sticky":false,"template":"","format":"standard","meta":{"_acf_changed":false,"footnotes":""},"categories":[1],"tags":[],"class_list":["post-6345","post","type-post","status-publish","format-standard","has-post-thumbnail","hentry","category-non-classe"],"acf":[],"yoast_head":"<!-- This site is optimized with the Yoast SEO plugin v22.4 - https:\/\/yoast.com\/wordpress\/plugins\/seo\/ -->\n<title>Tous ensemble pour d\u00e9guster Le Grand Repas - Le Grand Repas<\/title>\n<meta name=\"robots\" content=\"index, follow, max-snippet:-1, max-image-preview:large, max-video-preview:-1\" \/>\n<link rel=\"canonical\" href=\"https:\/\/archives.legrandrepas.fr\/2025\/tous-ensemble-pour-deguster-le-grand-repas\/\" \/>\n<meta property=\"og:locale\" content=\"fr_FR\" \/>\n<meta property=\"og:type\" content=\"article\" \/>\n<meta property=\"og:title\" content=\"Tous ensemble pour d\u00e9guster Le Grand Repas - Le Grand Repas\" \/>\n<meta property=\"og:description\" content=\"Tous ensemble pour d\u00e9guster Le Grand Repas Jeudi prochain, 19 octobre, ce sera Le Grand Repas, partout en France. Cette initiative permet \u00e0 la restauration traditionnelle et collective de se retrouver autour d\u2019un m\u00eame menu \u00e9tabli, dans chaque r\u00e9gion, \u00e0 partir de produits locaux. Lire la suite\" \/>\n<meta property=\"og:url\" content=\"https:\/\/archives.legrandrepas.fr\/2025\/tous-ensemble-pour-deguster-le-grand-repas\/\" \/>\n<meta property=\"og:site_name\" content=\"Le Grand Repas\" \/>\n<meta property=\"article:publisher\" content=\"https:\/\/www.facebook.com\/LeGrandRepas\/\" \/>\n<meta property=\"article:published_time\" content=\"2023-10-14T11:11:44+00:00\" \/>\n<meta property=\"article:modified_time\" content=\"2024-01-10T14:27:08+00:00\" \/>\n<meta property=\"og:image\" content=\"https:\/\/archives.legrandrepas.fr\/2025\/wp-content\/uploads\/2024\/01\/ARTICLE-3.jpg\" \/>\n\t<meta property=\"og:image:width\" content=\"800\" \/>\n\t<meta property=\"og:image:height\" content=\"450\" \/>\n\t<meta property=\"og:image:type\" content=\"image\/jpeg\" \/>\n<meta name=\"author\" content=\"EMMA FOUQUET\" \/>\n<meta name=\"twitter:card\" content=\"summary_large_image\" \/>\n<meta name=\"twitter:label1\" content=\"\u00c9crit par\" \/>\n\t<meta name=\"twitter:data1\" content=\"EMMA FOUQUET\" \/>\n\t<meta name=\"twitter:label2\" content=\"Dur\u00e9e de lecture estim\u00e9e\" \/>\n\t<meta name=\"twitter:data2\" content=\"1 minute\" \/>\n<script type=\"application\/ld+json\" class=\"yoast-schema-graph\">{\"@context\":\"https:\/\/schema.org\",\"@graph\":[{\"@type\":\"Article\",\"@id\":\"https:\/\/archives.legrandrepas.fr\/2025\/tous-ensemble-pour-deguster-le-grand-repas\/#article\",\"isPartOf\":{\"@id\":\"https:\/\/archives.legrandrepas.fr\/2025\/tous-ensemble-pour-deguster-le-grand-repas\/\"},\"author\":{\"name\":\"EMMA FOUQUET\",\"@id\":\"https:\/\/archives.legrandrepas.fr\/2025\/#\/schema\/person\/b4e70f903b8278f9f67062be06395db8\"},\"headline\":\"Tous ensemble pour d\u00e9guster Le Grand Repas\",\"datePublished\":\"2023-10-14T11:11:44+00:00\",\"dateModified\":\"2024-01-10T14:27:08+00:00\",\"mainEntityOfPage\":{\"@id\":\"https:\/\/archives.legrandrepas.fr\/2025\/tous-ensemble-pour-deguster-le-grand-repas\/\"},\"wordCount\":56,\"publisher\":{\"@id\":\"https:\/\/archives.legrandrepas.fr\/2025\/#organization\"},\"image\":{\"@id\":\"https:\/\/archives.legrandrepas.fr\/2025\/tous-ensemble-pour-deguster-le-grand-repas\/#primaryimage\"},\"thumbnailUrl\":\"https:\/\/archives.legrandrepas.fr\/2025\/wp-content\/uploads\/2024\/01\/ARTICLE-3.jpg\",\"inLanguage\":\"fr-FR\"},{\"@type\":\"WebPage\",\"@id\":\"https:\/\/archives.legrandrepas.fr\/2025\/tous-ensemble-pour-deguster-le-grand-repas\/\",\"url\":\"https:\/\/archives.legrandrepas.fr\/2025\/tous-ensemble-pour-deguster-le-grand-repas\/\",\"name\":\"Tous ensemble pour d\u00e9guster Le Grand Repas - Le Grand Repas\",\"isPartOf\":{\"@id\":\"https:\/\/archives.legrandrepas.fr\/2025\/#website\"},\"primaryImageOfPage\":{\"@id\":\"https:\/\/archives.legrandrepas.fr\/2025\/tous-ensemble-pour-deguster-le-grand-repas\/#primaryimage\"},\"image\":{\"@id\":\"https:\/\/archives.legrandrepas.fr\/2025\/tous-ensemble-pour-deguster-le-grand-repas\/#primaryimage\"},\"thumbnailUrl\":\"https:\/\/archives.legrandrepas.fr\/2025\/wp-content\/uploads\/2024\/01\/ARTICLE-3.jpg\",\"datePublished\":\"2023-10-14T11:11:44+00:00\",\"dateModified\":\"2024-01-10T14:27:08+00:00\",\"breadcrumb\":{\"@id\":\"https:\/\/archives.legrandrepas.fr\/2025\/tous-ensemble-pour-deguster-le-grand-repas\/#breadcrumb\"},\"inLanguage\":\"fr-FR\",\"potentialAction\":[{\"@type\":\"ReadAction\",\"target\":[\"https:\/\/archives.legrandrepas.fr\/2025\/tous-ensemble-pour-deguster-le-grand-repas\/\"]}]},{\"@type\":\"ImageObject\",\"inLanguage\":\"fr-FR\",\"@id\":\"https:\/\/archives.legrandrepas.fr\/2025\/tous-ensemble-pour-deguster-le-grand-repas\/#primaryimage\",\"url\":\"https:\/\/archives.legrandrepas.fr\/2025\/wp-content\/uploads\/2024\/01\/ARTICLE-3.jpg\",\"contentUrl\":\"https:\/\/archives.legrandrepas.fr\/2025\/wp-content\/uploads\/2024\/01\/ARTICLE-3.jpg\",\"width\":800,\"height\":450},{\"@type\":\"BreadcrumbList\",\"@id\":\"https:\/\/archives.legrandrepas.fr\/2025\/tous-ensemble-pour-deguster-le-grand-repas\/#breadcrumb\",\"itemListElement\":[{\"@type\":\"ListItem\",\"position\":1,\"name\":\"Accueil\",\"item\":\"https:\/\/archives.legrandrepas.fr\/2025\/\"},{\"@type\":\"ListItem\",\"position\":2,\"name\":\"Tous ensemble pour d\u00e9guster Le Grand Repas\"}]},{\"@type\":\"WebSite\",\"@id\":\"https:\/\/archives.legrandrepas.fr\/2025\/#website\",\"url\":\"https:\/\/archives.legrandrepas.fr\/2025\/\",\"name\":\"Le Grand Repas\",\"description\":\"Le m\u00eame menu, le m\u00eame jour,  partag\u00e9 par tous les citoyens d&#039;un m\u00eame territoire\",\"publisher\":{\"@id\":\"https:\/\/archives.legrandrepas.fr\/2025\/#organization\"},\"potentialAction\":[{\"@type\":\"SearchAction\",\"target\":{\"@type\":\"EntryPoint\",\"urlTemplate\":\"https:\/\/archives.legrandrepas.fr\/2025\/?s={search_term_string}\"},\"query-input\":\"required name=search_term_string\"}],\"inLanguage\":\"fr-FR\"},{\"@type\":\"Organization\",\"@id\":\"https:\/\/archives.legrandrepas.fr\/2025\/#organization\",\"name\":\"Association Le Grand Repas\",\"url\":\"https:\/\/archives.legrandrepas.fr\/2025\/\",\"logo\":{\"@type\":\"ImageObject\",\"inLanguage\":\"fr-FR\",\"@id\":\"https:\/\/archives.legrandrepas.fr\/2025\/#\/schema\/logo\/image\/\",\"url\":\"https:\/\/archives.legrandrepas.fr\/wp-content\/uploads\/2022\/06\/logo-LGR.png\",\"contentUrl\":\"https:\/\/archives.legrandrepas.fr\/wp-content\/uploads\/2022\/06\/logo-LGR.png\",\"width\":1280,\"height\":1278,\"caption\":\"Association Le Grand Repas\"},\"image\":{\"@id\":\"https:\/\/archives.legrandrepas.fr\/2025\/#\/schema\/logo\/image\/\"},\"sameAs\":[\"https:\/\/www.facebook.com\/LeGrandRepas\/\",\"https:\/\/www.linkedin.com\/company\/79483218\/admin\/notifications\/all\/\",\"https:\/\/www.instagram.com\/LeGrandRepas\/\"]},{\"@type\":\"Person\",\"@id\":\"https:\/\/archives.legrandrepas.fr\/2025\/#\/schema\/person\/b4e70f903b8278f9f67062be06395db8\",\"name\":\"EMMA FOUQUET\",\"image\":{\"@type\":\"ImageObject\",\"inLanguage\":\"fr-FR\",\"@id\":\"https:\/\/archives.legrandrepas.fr\/2025\/#\/schema\/person\/image\/\",\"url\":\"https:\/\/secure.gravatar.com\/avatar\/a4a94f502e0629141d15865102af30da15157583385abe46738d0d953b3906f9?s=96&d=mm&r=g\",\"contentUrl\":\"https:\/\/secure.gravatar.com\/avatar\/a4a94f502e0629141d15865102af30da15157583385abe46738d0d953b3906f9?s=96&d=mm&r=g\",\"caption\":\"EMMA FOUQUET\"},\"url\":\"https:\/\/archives.legrandrepas.fr\/2025\"}]}<\/script>\n<!-- \/ Yoast SEO plugin. -->","yoast_head_json":{"title":"Tous ensemble pour d\u00e9guster Le Grand Repas - Le Grand Repas","robots":{"index":"index","follow":"follow","max-snippet":"max-snippet:-1","max-image-preview":"max-image-preview:large","max-video-preview":"max-video-preview:-1"},"canonical":"https:\/\/archives.legrandrepas.fr\/2025\/tous-ensemble-pour-deguster-le-grand-repas\/","og_locale":"fr_FR","og_type":"article","og_title":"Tous ensemble pour d\u00e9guster Le Grand Repas - Le Grand Repas","og_description":"Tous ensemble pour d\u00e9guster Le Grand Repas Jeudi prochain, 19 octobre, ce sera Le Grand Repas, partout en France. Cette initiative permet \u00e0 la restauration traditionnelle et collective de se retrouver autour d\u2019un m\u00eame menu \u00e9tabli, dans chaque r\u00e9gion, \u00e0 partir de produits locaux. Lire la suite","og_url":"https:\/\/archives.legrandrepas.fr\/2025\/tous-ensemble-pour-deguster-le-grand-repas\/","og_site_name":"Le Grand Repas","article_publisher":"https:\/\/www.facebook.com\/LeGrandRepas\/","article_published_time":"2023-10-14T11:11:44+00:00","article_modified_time":"2024-01-10T14:27:08+00:00","og_image":[{"width":800,"height":450,"url":"https:\/\/archives.legrandrepas.fr\/2025\/wp-content\/uploads\/2024\/01\/ARTICLE-3.jpg","type":"image\/jpeg"}],"author":"EMMA FOUQUET","twitter_card":"summary_large_image","twitter_misc":{"\u00c9crit par":"EMMA FOUQUET","Dur\u00e9e de lecture estim\u00e9e":"1 minute"},"schema":{"@context":"https:\/\/schema.org","@graph":[{"@type":"Article","@id":"https:\/\/archives.legrandrepas.fr\/2025\/tous-ensemble-pour-deguster-le-grand-repas\/#article","isPartOf":{"@id":"https:\/\/archives.legrandrepas.fr\/2025\/tous-ensemble-pour-deguster-le-grand-repas\/"},"author":{"name":"EMMA FOUQUET","@id":"https:\/\/archives.legrandrepas.fr\/2025\/#\/schema\/person\/b4e70f903b8278f9f67062be06395db8"},"headline":"Tous ensemble pour d\u00e9guster Le Grand Repas","datePublished":"2023-10-14T11:11:44+00:00","dateModified":"2024-01-10T14:27:08+00:00","mainEntityOfPage":{"@id":"https:\/\/archives.legrandrepas.fr\/2025\/tous-ensemble-pour-deguster-le-grand-repas\/"},"wordCount":56,"publisher":{"@id":"https:\/\/archives.legrandrepas.fr\/2025\/#organization"},"image":{"@id":"https:\/\/archives.legrandrepas.fr\/2025\/tous-ensemble-pour-deguster-le-grand-repas\/#primaryimage"},"thumbnailUrl":"https:\/\/archives.legrandrepas.fr\/2025\/wp-content\/uploads\/2024\/01\/ARTICLE-3.jpg","inLanguage":"fr-FR"},{"@type":"WebPage","@id":"https:\/\/archives.legrandrepas.fr\/2025\/tous-ensemble-pour-deguster-le-grand-repas\/","url":"https:\/\/archives.legrandrepas.fr\/2025\/tous-ensemble-pour-deguster-le-grand-repas\/","name":"Tous ensemble pour d\u00e9guster Le Grand Repas - Le Grand Repas","isPartOf":{"@id":"https:\/\/archives.legrandrepas.fr\/2025\/#website"},"primaryImageOfPage":{"@id":"https:\/\/archives.legrandrepas.fr\/2025\/tous-ensemble-pour-deguster-le-grand-repas\/#primaryimage"},"image":{"@id":"https:\/\/archives.legrandrepas.fr\/2025\/tous-ensemble-pour-deguster-le-grand-repas\/#primaryimage"},"thumbnailUrl":"https:\/\/archives.legrandrepas.fr\/2025\/wp-content\/uploads\/2024\/01\/ARTICLE-3.jpg","datePublished":"2023-10-14T11:11:44+00:00","dateModified":"2024-01-10T14:27:08+00:00","breadcrumb":{"@id":"https:\/\/archives.legrandrepas.fr\/2025\/tous-ensemble-pour-deguster-le-grand-repas\/#breadcrumb"},"inLanguage":"fr-FR","potentialAction":[{"@type":"ReadAction","target":["https:\/\/archives.legrandrepas.fr\/2025\/tous-ensemble-pour-deguster-le-grand-repas\/"]}]},{"@type":"ImageObject","inLanguage":"fr-FR","@id":"https:\/\/archives.legrandrepas.fr\/2025\/tous-ensemble-pour-deguster-le-grand-repas\/#primaryimage","url":"https:\/\/archives.legrandrepas.fr\/2025\/wp-content\/uploads\/2024\/01\/ARTICLE-3.jpg","contentUrl":"https:\/\/archives.legrandrepas.fr\/2025\/wp-content\/uploads\/2024\/01\/ARTICLE-3.jpg","width":800,"height":450},{"@type":"BreadcrumbList","@id":"https:\/\/archives.legrandrepas.fr\/2025\/tous-ensemble-pour-deguster-le-grand-repas\/#breadcrumb","itemListElement":[{"@type":"ListItem","position":1,"name":"Accueil","item":"https:\/\/archives.legrandrepas.fr\/2025\/"},{"@type":"ListItem","position":2,"name":"Tous ensemble pour d\u00e9guster Le Grand Repas"}]},{"@type":"WebSite","@id":"https:\/\/archives.legrandrepas.fr\/2025\/#website","url":"https:\/\/archives.legrandrepas.fr\/2025\/","name":"Le Grand Repas","description":"Le m\u00eame menu, le m\u00eame jour,  partag\u00e9 par tous les citoyens d&#039;un m\u00eame territoire","publisher":{"@id":"https:\/\/archives.legrandrepas.fr\/2025\/#organization"},"potentialAction":[{"@type":"SearchAction","target":{"@type":"EntryPoint","urlTemplate":"https:\/\/archives.legrandrepas.fr\/2025\/?s={search_term_string}"},"query-input":"required name=search_term_string"}],"inLanguage":"fr-FR"},{"@type":"Organization","@id":"https:\/\/archives.legrandrepas.fr\/2025\/#organization","name":"Association Le Grand Repas","url":"https:\/\/archives.legrandrepas.fr\/2025\/","logo":{"@type":"ImageObject","inLanguage":"fr-FR","@id":"https:\/\/archives.legrandrepas.fr\/2025\/#\/schema\/logo\/image\/","url":"https:\/\/archives.legrandrepas.fr\/wp-content\/uploads\/2022\/06\/logo-LGR.png","contentUrl":"https:\/\/archives.legrandrepas.fr\/wp-content\/uploads\/2022\/06\/logo-LGR.png","width":1280,"height":1278,"caption":"Association Le Grand Repas"},"image":{"@id":"https:\/\/archives.legrandrepas.fr\/2025\/#\/schema\/logo\/image\/"},"sameAs":["https:\/\/www.facebook.com\/LeGrandRepas\/","https:\/\/www.linkedin.com\/company\/79483218\/admin\/notifications\/all\/","https:\/\/www.instagram.com\/LeGrandRepas\/"]},{"@type":"Person","@id":"https:\/\/archives.legrandrepas.fr\/2025\/#\/schema\/person\/b4e70f903b8278f9f67062be06395db8","name":"EMMA FOUQUET","image":{"@type":"ImageObject","inLanguage":"fr-FR","@id":"https:\/\/archives.legrandrepas.fr\/2025\/#\/schema\/person\/image\/","url":"https:\/\/secure.gravatar.com\/avatar\/a4a94f502e0629141d15865102af30da15157583385abe46738d0d953b3906f9?s=96&d=mm&r=g","contentUrl":"https:\/\/secure.gravatar.com\/avatar\/a4a94f502e0629141d15865102af30da15157583385abe46738d0d953b3906f9?s=96&d=mm&r=g","caption":"EMMA FOUQUET"},"url":"https:\/\/archives.legrandrepas.fr\/2025"}]}},"_links":{"self":[{"href":"https:\/\/archives.legrandrepas.fr\/2025\/wp-json\/wp\/v2\/posts\/6345","targetHints":{"allow":["GET"]}}],"collection":[{"href":"https:\/\/archives.legrandrepas.fr\/2025\/wp-json\/wp\/v2\/posts"}],"about":[{"href":"https:\/\/archives.legrandrepas.fr\/2025\/wp-json\/wp\/v2\/types\/post"}],"author":[{"embeddable":true,"href":"https:\/\/archives.legrandrepas.fr\/2025\/wp-json\/wp\/v2\/users\/11"}],"replies":[{"embeddable":true,"href":"https:\/\/archives.legrandrepas.fr\/2025\/wp-json\/wp\/v2\/comments?post=6345"}],"version-history":[{"count":1,"href":"https:\/\/archives.legrandrepas.fr\/2025\/wp-json\/wp\/v2\/posts\/6345\/revisions"}],"predecessor-version":[{"id":6347,"href":"https:\/\/archives.legrandrepas.fr\/2025\/wp-json\/wp\/v2\/posts\/6345\/revisions\/6347"}],"wp:featuredmedia":[{"embeddable":true,"href":"https:\/\/archives.legrandrepas.fr\/2025\/wp-json\/wp\/v2\/media\/6346"}],"wp:attachment":[{"href":"https:\/\/archives.legrandrepas.fr\/2025\/wp-json\/wp\/v2\/media?parent=6345"}],"wp:term":[{"taxonomy":"category","embeddable":true,"href":"https:\/\/archives.legrandrepas.fr\/2025\/wp-json\/wp\/v2\/categories?post=6345"},{"taxonomy":"post_tag","embeddable":true,"href":"https:\/\/archives.legrandrepas.fr\/2025\/wp-json\/wp\/v2\/tags?post=6345"}],"curies":[{"name":"wp","href":"https:\/\/api.w.org\/{rel}","templated":true}]}}