{"id":8498,"date":"2024-08-30T14:59:36","date_gmt":"2024-08-30T12:59:36","guid":{"rendered":"https:\/\/archives.legrandrepas.fr\/?p=8498"},"modified":"2024-08-30T15:02:34","modified_gmt":"2024-08-30T13:02:34","slug":"le-grand-repas-revient-le-jeudi-3-octobre","status":"publish","type":"post","link":"https:\/\/archives.legrandrepas.fr\/2025\/le-grand-repas-revient-le-jeudi-3-octobre\/","title":{"rendered":"Le Grand Repas revient le jeudi 3 octobre"},"content":{"rendered":"<h2 class=\"heading__title heading heading--h2\">Le Grand Repas revient le jeudi 3 octobre<\/h2>\n<p class=\"p1\">Chaque menu est \u00e9labor\u00e9 et con\u00e7u par une marraine ou un parrain chef local, \u00e0 partir de produits de saison locaux. De grands chefs \u00e9toil\u00e9s au Guide Michelin comme Jean Coussau, parrain du territoire Gironde et Landes, Ren\u00e9 et Maxime Meilleur, parrains du territoire Savoie, Olivier Nasti, le parrain du territoire Alsace, ou encore Christian T\u00eatedoie, chef parrain pour le territoire du Rh\u00f4ne 2024.<\/p>\n<p><a class=\"button button--primary\" href=\"https:\/\/chefsetgastronomie.com\/le-grand-repas-revient-le-jeudi-3-octobre\/\">Lire la suite<\/a><\/p>\n","protected":false},"excerpt":{"rendered":"<p>Le Grand Repas revient le jeudi 3 octobre Chaque menu est \u00e9labor\u00e9 et con\u00e7u par une marraine ou un parrain chef local, \u00e0 partir de produits de saison locaux. De grands chefs \u00e9toil\u00e9s au Guide Michelin comme Jean Coussau, parrain du territoire Gironde et Landes, Ren\u00e9 et Maxime Meilleur, parrains du territoire Savoie, Olivier Nasti, [&hellip;]<\/p>\n","protected":false},"author":11,"featured_media":8500,"comment_status":"closed","ping_status":"closed","sticky":false,"template":"","format":"standard","meta":{"_acf_changed":false,"footnotes":""},"categories":[1],"tags":[],"class_list":["post-8498","post","type-post","status-publish","format-standard","has-post-thumbnail","hentry","category-non-classe"],"acf":[],"yoast_head":"<!-- This site is optimized with the Yoast SEO plugin v22.4 - https:\/\/yoast.com\/wordpress\/plugins\/seo\/ -->\n<title>Le Grand Repas revient le jeudi 3 octobre - Le Grand Repas<\/title>\n<meta name=\"robots\" content=\"index, follow, max-snippet:-1, max-image-preview:large, max-video-preview:-1\" \/>\n<link rel=\"canonical\" href=\"https:\/\/archives.legrandrepas.fr\/2025\/le-grand-repas-revient-le-jeudi-3-octobre\/\" \/>\n<meta property=\"og:locale\" content=\"fr_FR\" \/>\n<meta property=\"og:type\" content=\"article\" \/>\n<meta property=\"og:title\" content=\"Le Grand Repas revient le jeudi 3 octobre - Le Grand Repas\" \/>\n<meta property=\"og:description\" content=\"Le Grand Repas revient le jeudi 3 octobre Chaque menu est \u00e9labor\u00e9 et con\u00e7u par une marraine ou un parrain chef local, \u00e0 partir de produits de saison locaux. De grands chefs \u00e9toil\u00e9s au Guide Michelin comme Jean Coussau, parrain du territoire Gironde et Landes, Ren\u00e9 et Maxime Meilleur, parrains du territoire Savoie, Olivier Nasti, [&hellip;]\" \/>\n<meta property=\"og:url\" content=\"https:\/\/archives.legrandrepas.fr\/2025\/le-grand-repas-revient-le-jeudi-3-octobre\/\" \/>\n<meta property=\"og:site_name\" content=\"Le Grand Repas\" \/>\n<meta property=\"article:publisher\" content=\"https:\/\/www.facebook.com\/LeGrandRepas\/\" \/>\n<meta property=\"article:published_time\" content=\"2024-08-30T12:59:36+00:00\" \/>\n<meta property=\"article:modified_time\" content=\"2024-08-30T13:02:34+00:00\" \/>\n<meta property=\"og:image\" content=\"https:\/\/archives.legrandrepas.fr\/2025\/wp-content\/uploads\/2024\/08\/Capture.png\" \/>\n\t<meta property=\"og:image:width\" content=\"425\" \/>\n\t<meta property=\"og:image:height\" content=\"525\" \/>\n\t<meta property=\"og:image:type\" content=\"image\/png\" \/>\n<meta name=\"author\" content=\"EMMA FOUQUET\" \/>\n<meta name=\"twitter:card\" content=\"summary_large_image\" \/>\n<meta name=\"twitter:label1\" content=\"\u00c9crit par\" \/>\n\t<meta name=\"twitter:data1\" content=\"EMMA FOUQUET\" \/>\n\t<meta name=\"twitter:label2\" content=\"Dur\u00e9e de lecture estim\u00e9e\" \/>\n\t<meta name=\"twitter:data2\" content=\"1 minute\" \/>\n<script type=\"application\/ld+json\" class=\"yoast-schema-graph\">{\"@context\":\"https:\/\/schema.org\",\"@graph\":[{\"@type\":\"Article\",\"@id\":\"https:\/\/archives.legrandrepas.fr\/2025\/le-grand-repas-revient-le-jeudi-3-octobre\/#article\",\"isPartOf\":{\"@id\":\"https:\/\/archives.legrandrepas.fr\/2025\/le-grand-repas-revient-le-jeudi-3-octobre\/\"},\"author\":{\"name\":\"EMMA FOUQUET\",\"@id\":\"https:\/\/archives.legrandrepas.fr\/2025\/#\/schema\/person\/b4e70f903b8278f9f67062be06395db8\"},\"headline\":\"Le Grand Repas revient le jeudi 3 octobre\",\"datePublished\":\"2024-08-30T12:59:36+00:00\",\"dateModified\":\"2024-08-30T13:02:34+00:00\",\"mainEntityOfPage\":{\"@id\":\"https:\/\/archives.legrandrepas.fr\/2025\/le-grand-repas-revient-le-jeudi-3-octobre\/\"},\"wordCount\":83,\"publisher\":{\"@id\":\"https:\/\/archives.legrandrepas.fr\/2025\/#organization\"},\"image\":{\"@id\":\"https:\/\/archives.legrandrepas.fr\/2025\/le-grand-repas-revient-le-jeudi-3-octobre\/#primaryimage\"},\"thumbnailUrl\":\"https:\/\/archives.legrandrepas.fr\/2025\/wp-content\/uploads\/2024\/08\/Capture.png\",\"inLanguage\":\"fr-FR\"},{\"@type\":\"WebPage\",\"@id\":\"https:\/\/archives.legrandrepas.fr\/2025\/le-grand-repas-revient-le-jeudi-3-octobre\/\",\"url\":\"https:\/\/archives.legrandrepas.fr\/2025\/le-grand-repas-revient-le-jeudi-3-octobre\/\",\"name\":\"Le Grand Repas revient le jeudi 3 octobre - Le Grand Repas\",\"isPartOf\":{\"@id\":\"https:\/\/archives.legrandrepas.fr\/2025\/#website\"},\"primaryImageOfPage\":{\"@id\":\"https:\/\/archives.legrandrepas.fr\/2025\/le-grand-repas-revient-le-jeudi-3-octobre\/#primaryimage\"},\"image\":{\"@id\":\"https:\/\/archives.legrandrepas.fr\/2025\/le-grand-repas-revient-le-jeudi-3-octobre\/#primaryimage\"},\"thumbnailUrl\":\"https:\/\/archives.legrandrepas.fr\/2025\/wp-content\/uploads\/2024\/08\/Capture.png\",\"datePublished\":\"2024-08-30T12:59:36+00:00\",\"dateModified\":\"2024-08-30T13:02:34+00:00\",\"breadcrumb\":{\"@id\":\"https:\/\/archives.legrandrepas.fr\/2025\/le-grand-repas-revient-le-jeudi-3-octobre\/#breadcrumb\"},\"inLanguage\":\"fr-FR\",\"potentialAction\":[{\"@type\":\"ReadAction\",\"target\":[\"https:\/\/archives.legrandrepas.fr\/2025\/le-grand-repas-revient-le-jeudi-3-octobre\/\"]}]},{\"@type\":\"ImageObject\",\"inLanguage\":\"fr-FR\",\"@id\":\"https:\/\/archives.legrandrepas.fr\/2025\/le-grand-repas-revient-le-jeudi-3-octobre\/#primaryimage\",\"url\":\"https:\/\/archives.legrandrepas.fr\/2025\/wp-content\/uploads\/2024\/08\/Capture.png\",\"contentUrl\":\"https:\/\/archives.legrandrepas.fr\/2025\/wp-content\/uploads\/2024\/08\/Capture.png\",\"width\":425,\"height\":525},{\"@type\":\"BreadcrumbList\",\"@id\":\"https:\/\/archives.legrandrepas.fr\/2025\/le-grand-repas-revient-le-jeudi-3-octobre\/#breadcrumb\",\"itemListElement\":[{\"@type\":\"ListItem\",\"position\":1,\"name\":\"Accueil\",\"item\":\"https:\/\/archives.legrandrepas.fr\/2025\/\"},{\"@type\":\"ListItem\",\"position\":2,\"name\":\"Le Grand Repas revient le jeudi 3 octobre\"}]},{\"@type\":\"WebSite\",\"@id\":\"https:\/\/archives.legrandrepas.fr\/2025\/#website\",\"url\":\"https:\/\/archives.legrandrepas.fr\/2025\/\",\"name\":\"Le Grand Repas\",\"description\":\"Le m\u00eame menu, le m\u00eame jour,  partag\u00e9 par tous les citoyens d&#039;un m\u00eame territoire\",\"publisher\":{\"@id\":\"https:\/\/archives.legrandrepas.fr\/2025\/#organization\"},\"potentialAction\":[{\"@type\":\"SearchAction\",\"target\":{\"@type\":\"EntryPoint\",\"urlTemplate\":\"https:\/\/archives.legrandrepas.fr\/2025\/?s={search_term_string}\"},\"query-input\":\"required name=search_term_string\"}],\"inLanguage\":\"fr-FR\"},{\"@type\":\"Organization\",\"@id\":\"https:\/\/archives.legrandrepas.fr\/2025\/#organization\",\"name\":\"Association Le Grand Repas\",\"url\":\"https:\/\/archives.legrandrepas.fr\/2025\/\",\"logo\":{\"@type\":\"ImageObject\",\"inLanguage\":\"fr-FR\",\"@id\":\"https:\/\/archives.legrandrepas.fr\/2025\/#\/schema\/logo\/image\/\",\"url\":\"https:\/\/archives.legrandrepas.fr\/wp-content\/uploads\/2022\/06\/logo-LGR.png\",\"contentUrl\":\"https:\/\/archives.legrandrepas.fr\/wp-content\/uploads\/2022\/06\/logo-LGR.png\",\"width\":1280,\"height\":1278,\"caption\":\"Association Le Grand Repas\"},\"image\":{\"@id\":\"https:\/\/archives.legrandrepas.fr\/2025\/#\/schema\/logo\/image\/\"},\"sameAs\":[\"https:\/\/www.facebook.com\/LeGrandRepas\/\",\"https:\/\/www.linkedin.com\/company\/79483218\/admin\/notifications\/all\/\",\"https:\/\/www.instagram.com\/LeGrandRepas\/\"]},{\"@type\":\"Person\",\"@id\":\"https:\/\/archives.legrandrepas.fr\/2025\/#\/schema\/person\/b4e70f903b8278f9f67062be06395db8\",\"name\":\"EMMA FOUQUET\",\"image\":{\"@type\":\"ImageObject\",\"inLanguage\":\"fr-FR\",\"@id\":\"https:\/\/archives.legrandrepas.fr\/2025\/#\/schema\/person\/image\/\",\"url\":\"https:\/\/secure.gravatar.com\/avatar\/a4a94f502e0629141d15865102af30da15157583385abe46738d0d953b3906f9?s=96&d=mm&r=g\",\"contentUrl\":\"https:\/\/secure.gravatar.com\/avatar\/a4a94f502e0629141d15865102af30da15157583385abe46738d0d953b3906f9?s=96&d=mm&r=g\",\"caption\":\"EMMA FOUQUET\"},\"url\":\"https:\/\/archives.legrandrepas.fr\/2025\"}]}<\/script>\n<!-- \/ Yoast SEO plugin. -->","yoast_head_json":{"title":"Le Grand Repas revient le jeudi 3 octobre - Le Grand Repas","robots":{"index":"index","follow":"follow","max-snippet":"max-snippet:-1","max-image-preview":"max-image-preview:large","max-video-preview":"max-video-preview:-1"},"canonical":"https:\/\/archives.legrandrepas.fr\/2025\/le-grand-repas-revient-le-jeudi-3-octobre\/","og_locale":"fr_FR","og_type":"article","og_title":"Le Grand Repas revient le jeudi 3 octobre - Le Grand Repas","og_description":"Le Grand Repas revient le jeudi 3 octobre Chaque menu est \u00e9labor\u00e9 et con\u00e7u par une marraine ou un parrain chef local, \u00e0 partir de produits de saison locaux. De grands chefs \u00e9toil\u00e9s au Guide Michelin comme Jean Coussau, parrain du territoire Gironde et Landes, Ren\u00e9 et Maxime Meilleur, parrains du territoire Savoie, Olivier Nasti, [&hellip;]","og_url":"https:\/\/archives.legrandrepas.fr\/2025\/le-grand-repas-revient-le-jeudi-3-octobre\/","og_site_name":"Le Grand Repas","article_publisher":"https:\/\/www.facebook.com\/LeGrandRepas\/","article_published_time":"2024-08-30T12:59:36+00:00","article_modified_time":"2024-08-30T13:02:34+00:00","og_image":[{"width":425,"height":525,"url":"https:\/\/archives.legrandrepas.fr\/2025\/wp-content\/uploads\/2024\/08\/Capture.png","type":"image\/png"}],"author":"EMMA FOUQUET","twitter_card":"summary_large_image","twitter_misc":{"\u00c9crit par":"EMMA FOUQUET","Dur\u00e9e de lecture estim\u00e9e":"1 minute"},"schema":{"@context":"https:\/\/schema.org","@graph":[{"@type":"Article","@id":"https:\/\/archives.legrandrepas.fr\/2025\/le-grand-repas-revient-le-jeudi-3-octobre\/#article","isPartOf":{"@id":"https:\/\/archives.legrandrepas.fr\/2025\/le-grand-repas-revient-le-jeudi-3-octobre\/"},"author":{"name":"EMMA FOUQUET","@id":"https:\/\/archives.legrandrepas.fr\/2025\/#\/schema\/person\/b4e70f903b8278f9f67062be06395db8"},"headline":"Le Grand Repas revient le jeudi 3 octobre","datePublished":"2024-08-30T12:59:36+00:00","dateModified":"2024-08-30T13:02:34+00:00","mainEntityOfPage":{"@id":"https:\/\/archives.legrandrepas.fr\/2025\/le-grand-repas-revient-le-jeudi-3-octobre\/"},"wordCount":83,"publisher":{"@id":"https:\/\/archives.legrandrepas.fr\/2025\/#organization"},"image":{"@id":"https:\/\/archives.legrandrepas.fr\/2025\/le-grand-repas-revient-le-jeudi-3-octobre\/#primaryimage"},"thumbnailUrl":"https:\/\/archives.legrandrepas.fr\/2025\/wp-content\/uploads\/2024\/08\/Capture.png","inLanguage":"fr-FR"},{"@type":"WebPage","@id":"https:\/\/archives.legrandrepas.fr\/2025\/le-grand-repas-revient-le-jeudi-3-octobre\/","url":"https:\/\/archives.legrandrepas.fr\/2025\/le-grand-repas-revient-le-jeudi-3-octobre\/","name":"Le Grand Repas revient le jeudi 3 octobre - Le Grand Repas","isPartOf":{"@id":"https:\/\/archives.legrandrepas.fr\/2025\/#website"},"primaryImageOfPage":{"@id":"https:\/\/archives.legrandrepas.fr\/2025\/le-grand-repas-revient-le-jeudi-3-octobre\/#primaryimage"},"image":{"@id":"https:\/\/archives.legrandrepas.fr\/2025\/le-grand-repas-revient-le-jeudi-3-octobre\/#primaryimage"},"thumbnailUrl":"https:\/\/archives.legrandrepas.fr\/2025\/wp-content\/uploads\/2024\/08\/Capture.png","datePublished":"2024-08-30T12:59:36+00:00","dateModified":"2024-08-30T13:02:34+00:00","breadcrumb":{"@id":"https:\/\/archives.legrandrepas.fr\/2025\/le-grand-repas-revient-le-jeudi-3-octobre\/#breadcrumb"},"inLanguage":"fr-FR","potentialAction":[{"@type":"ReadAction","target":["https:\/\/archives.legrandrepas.fr\/2025\/le-grand-repas-revient-le-jeudi-3-octobre\/"]}]},{"@type":"ImageObject","inLanguage":"fr-FR","@id":"https:\/\/archives.legrandrepas.fr\/2025\/le-grand-repas-revient-le-jeudi-3-octobre\/#primaryimage","url":"https:\/\/archives.legrandrepas.fr\/2025\/wp-content\/uploads\/2024\/08\/Capture.png","contentUrl":"https:\/\/archives.legrandrepas.fr\/2025\/wp-content\/uploads\/2024\/08\/Capture.png","width":425,"height":525},{"@type":"BreadcrumbList","@id":"https:\/\/archives.legrandrepas.fr\/2025\/le-grand-repas-revient-le-jeudi-3-octobre\/#breadcrumb","itemListElement":[{"@type":"ListItem","position":1,"name":"Accueil","item":"https:\/\/archives.legrandrepas.fr\/2025\/"},{"@type":"ListItem","position":2,"name":"Le Grand Repas revient le jeudi 3 octobre"}]},{"@type":"WebSite","@id":"https:\/\/archives.legrandrepas.fr\/2025\/#website","url":"https:\/\/archives.legrandrepas.fr\/2025\/","name":"Le Grand Repas","description":"Le m\u00eame menu, le m\u00eame jour,  partag\u00e9 par tous les citoyens d&#039;un m\u00eame territoire","publisher":{"@id":"https:\/\/archives.legrandrepas.fr\/2025\/#organization"},"potentialAction":[{"@type":"SearchAction","target":{"@type":"EntryPoint","urlTemplate":"https:\/\/archives.legrandrepas.fr\/2025\/?s={search_term_string}"},"query-input":"required name=search_term_string"}],"inLanguage":"fr-FR"},{"@type":"Organization","@id":"https:\/\/archives.legrandrepas.fr\/2025\/#organization","name":"Association Le Grand Repas","url":"https:\/\/archives.legrandrepas.fr\/2025\/","logo":{"@type":"ImageObject","inLanguage":"fr-FR","@id":"https:\/\/archives.legrandrepas.fr\/2025\/#\/schema\/logo\/image\/","url":"https:\/\/archives.legrandrepas.fr\/wp-content\/uploads\/2022\/06\/logo-LGR.png","contentUrl":"https:\/\/archives.legrandrepas.fr\/wp-content\/uploads\/2022\/06\/logo-LGR.png","width":1280,"height":1278,"caption":"Association Le Grand Repas"},"image":{"@id":"https:\/\/archives.legrandrepas.fr\/2025\/#\/schema\/logo\/image\/"},"sameAs":["https:\/\/www.facebook.com\/LeGrandRepas\/","https:\/\/www.linkedin.com\/company\/79483218\/admin\/notifications\/all\/","https:\/\/www.instagram.com\/LeGrandRepas\/"]},{"@type":"Person","@id":"https:\/\/archives.legrandrepas.fr\/2025\/#\/schema\/person\/b4e70f903b8278f9f67062be06395db8","name":"EMMA FOUQUET","image":{"@type":"ImageObject","inLanguage":"fr-FR","@id":"https:\/\/archives.legrandrepas.fr\/2025\/#\/schema\/person\/image\/","url":"https:\/\/secure.gravatar.com\/avatar\/a4a94f502e0629141d15865102af30da15157583385abe46738d0d953b3906f9?s=96&d=mm&r=g","contentUrl":"https:\/\/secure.gravatar.com\/avatar\/a4a94f502e0629141d15865102af30da15157583385abe46738d0d953b3906f9?s=96&d=mm&r=g","caption":"EMMA FOUQUET"},"url":"https:\/\/archives.legrandrepas.fr\/2025"}]}},"_links":{"self":[{"href":"https:\/\/archives.legrandrepas.fr\/2025\/wp-json\/wp\/v2\/posts\/8498","targetHints":{"allow":["GET"]}}],"collection":[{"href":"https:\/\/archives.legrandrepas.fr\/2025\/wp-json\/wp\/v2\/posts"}],"about":[{"href":"https:\/\/archives.legrandrepas.fr\/2025\/wp-json\/wp\/v2\/types\/post"}],"author":[{"embeddable":true,"href":"https:\/\/archives.legrandrepas.fr\/2025\/wp-json\/wp\/v2\/users\/11"}],"replies":[{"embeddable":true,"href":"https:\/\/archives.legrandrepas.fr\/2025\/wp-json\/wp\/v2\/comments?post=8498"}],"version-history":[{"count":1,"href":"https:\/\/archives.legrandrepas.fr\/2025\/wp-json\/wp\/v2\/posts\/8498\/revisions"}],"predecessor-version":[{"id":8499,"href":"https:\/\/archives.legrandrepas.fr\/2025\/wp-json\/wp\/v2\/posts\/8498\/revisions\/8499"}],"wp:featuredmedia":[{"embeddable":true,"href":"https:\/\/archives.legrandrepas.fr\/2025\/wp-json\/wp\/v2\/media\/8500"}],"wp:attachment":[{"href":"https:\/\/archives.legrandrepas.fr\/2025\/wp-json\/wp\/v2\/media?parent=8498"}],"wp:term":[{"taxonomy":"category","embeddable":true,"href":"https:\/\/archives.legrandrepas.fr\/2025\/wp-json\/wp\/v2\/categories?post=8498"},{"taxonomy":"post_tag","embeddable":true,"href":"https:\/\/archives.legrandrepas.fr\/2025\/wp-json\/wp\/v2\/tags?post=8498"}],"curies":[{"name":"wp","href":"https:\/\/api.w.org\/{rel}","templated":true}]}}