{"id":9846,"date":"2024-10-09T14:52:14","date_gmt":"2024-10-09T12:52:14","guid":{"rendered":"https:\/\/archives.legrandrepas.fr\/?p=9846"},"modified":"2024-10-09T14:52:14","modified_gmt":"2024-10-09T12:52:14","slug":"le-grand-repas-une-premiere-pour-lehpad-vollat","status":"publish","type":"post","link":"https:\/\/archives.legrandrepas.fr\/2025\/le-grand-repas-une-premiere-pour-lehpad-vollat\/","title":{"rendered":"\u00ab Le grand repas \u00bb : une premi\u00e8re pour l\u2019Ehpad Vollat"},"content":{"rendered":"<h2 class=\"heading__title heading heading--h2\">\u00ab Le grand repas \u00bb : une premi\u00e8re pour l\u2019Ehpad Vollat<\/h2>\n<p>Jeudi 3\u00a0octobre, les talents des chefs de cuisine de l\u2019Ehpad Vollat \u00e9taient mis \u00e0 contribution pour l\u2019\u00e9v\u00e9nement national du grand repas, pour le plus grand bonheur des r\u00e9sidents.<\/p>\n<p><a class=\"button button--primary\" href=\"https:\/\/www.lejsl.com\/social\/2024\/10\/07\/le-grand-repas-une-premiere-pour-l-ehpad-vollat\">Lire la suite<\/a><\/p>\n","protected":false},"excerpt":{"rendered":"<p>\u00ab Le grand repas \u00bb : une premi\u00e8re pour l\u2019Ehpad Vollat Jeudi 3\u00a0octobre, les talents des chefs de cuisine de l\u2019Ehpad Vollat \u00e9taient mis \u00e0 contribution pour l\u2019\u00e9v\u00e9nement national du grand repas, pour le plus grand bonheur des r\u00e9sidents. Lire la suite<\/p>\n","protected":false},"author":11,"featured_media":9847,"comment_status":"closed","ping_status":"closed","sticky":false,"template":"","format":"standard","meta":{"_acf_changed":false,"footnotes":""},"categories":[1],"tags":[],"class_list":["post-9846","post","type-post","status-publish","format-standard","has-post-thumbnail","hentry","category-non-classe"],"acf":[],"yoast_head":"<!-- This site is optimized with the Yoast SEO plugin v22.4 - https:\/\/yoast.com\/wordpress\/plugins\/seo\/ -->\n<title>\u00ab Le grand repas \u00bb : une premi\u00e8re pour l\u2019Ehpad Vollat - Le Grand Repas<\/title>\n<meta name=\"robots\" content=\"index, follow, max-snippet:-1, max-image-preview:large, max-video-preview:-1\" \/>\n<link rel=\"canonical\" href=\"https:\/\/archives.legrandrepas.fr\/2025\/le-grand-repas-une-premiere-pour-lehpad-vollat\/\" \/>\n<meta property=\"og:locale\" content=\"fr_FR\" \/>\n<meta property=\"og:type\" content=\"article\" \/>\n<meta property=\"og:title\" content=\"\u00ab Le grand repas \u00bb : une premi\u00e8re pour l\u2019Ehpad Vollat - Le Grand Repas\" \/>\n<meta property=\"og:description\" content=\"\u00ab Le grand repas \u00bb : une premi\u00e8re pour l\u2019Ehpad Vollat Jeudi 3\u00a0octobre, les talents des chefs de cuisine de l\u2019Ehpad Vollat \u00e9taient mis \u00e0 contribution pour l\u2019\u00e9v\u00e9nement national du grand repas, pour le plus grand bonheur des r\u00e9sidents. Lire la suite\" \/>\n<meta property=\"og:url\" content=\"https:\/\/archives.legrandrepas.fr\/2025\/le-grand-repas-une-premiere-pour-lehpad-vollat\/\" \/>\n<meta property=\"og:site_name\" content=\"Le Grand Repas\" \/>\n<meta property=\"article:publisher\" content=\"https:\/\/www.facebook.com\/LeGrandRepas\/\" \/>\n<meta property=\"article:published_time\" content=\"2024-10-09T12:52:14+00:00\" \/>\n<meta property=\"og:image\" content=\"https:\/\/archives.legrandrepas.fr\/2025\/wp-content\/uploads\/2024\/10\/les-chefs-de-l-ehpad-2e-en-partant-de-la-gauche-le-responsable-florian-charpentier-et-animatrices-et-residents-photo-jean-veniant-1728317341.jpg\" \/>\n\t<meta property=\"og:image:width\" content=\"1600\" \/>\n\t<meta property=\"og:image:height\" content=\"901\" \/>\n\t<meta property=\"og:image:type\" content=\"image\/jpeg\" \/>\n<meta name=\"author\" content=\"EMMA FOUQUET\" \/>\n<meta name=\"twitter:card\" content=\"summary_large_image\" \/>\n<meta name=\"twitter:label1\" content=\"\u00c9crit par\" \/>\n\t<meta name=\"twitter:data1\" content=\"EMMA FOUQUET\" \/>\n\t<meta name=\"twitter:label2\" content=\"Dur\u00e9e de lecture estim\u00e9e\" \/>\n\t<meta name=\"twitter:data2\" content=\"1 minute\" \/>\n<script type=\"application\/ld+json\" class=\"yoast-schema-graph\">{\"@context\":\"https:\/\/schema.org\",\"@graph\":[{\"@type\":\"Article\",\"@id\":\"https:\/\/archives.legrandrepas.fr\/2025\/le-grand-repas-une-premiere-pour-lehpad-vollat\/#article\",\"isPartOf\":{\"@id\":\"https:\/\/archives.legrandrepas.fr\/2025\/le-grand-repas-une-premiere-pour-lehpad-vollat\/\"},\"author\":{\"name\":\"EMMA FOUQUET\",\"@id\":\"https:\/\/archives.legrandrepas.fr\/2025\/#\/schema\/person\/b4e70f903b8278f9f67062be06395db8\"},\"headline\":\"\u00ab Le grand repas \u00bb : une premi\u00e8re pour l\u2019Ehpad Vollat\",\"datePublished\":\"2024-10-09T12:52:14+00:00\",\"dateModified\":\"2024-10-09T12:52:14+00:00\",\"mainEntityOfPage\":{\"@id\":\"https:\/\/archives.legrandrepas.fr\/2025\/le-grand-repas-une-premiere-pour-lehpad-vollat\/\"},\"wordCount\":54,\"publisher\":{\"@id\":\"https:\/\/archives.legrandrepas.fr\/2025\/#organization\"},\"image\":{\"@id\":\"https:\/\/archives.legrandrepas.fr\/2025\/le-grand-repas-une-premiere-pour-lehpad-vollat\/#primaryimage\"},\"thumbnailUrl\":\"https:\/\/archives.legrandrepas.fr\/2025\/wp-content\/uploads\/2024\/10\/les-chefs-de-l-ehpad-2e-en-partant-de-la-gauche-le-responsable-florian-charpentier-et-animatrices-et-residents-photo-jean-veniant-1728317341.jpg\",\"inLanguage\":\"fr-FR\"},{\"@type\":\"WebPage\",\"@id\":\"https:\/\/archives.legrandrepas.fr\/2025\/le-grand-repas-une-premiere-pour-lehpad-vollat\/\",\"url\":\"https:\/\/archives.legrandrepas.fr\/2025\/le-grand-repas-une-premiere-pour-lehpad-vollat\/\",\"name\":\"\u00ab Le grand repas \u00bb : une premi\u00e8re pour l\u2019Ehpad Vollat - Le Grand Repas\",\"isPartOf\":{\"@id\":\"https:\/\/archives.legrandrepas.fr\/2025\/#website\"},\"primaryImageOfPage\":{\"@id\":\"https:\/\/archives.legrandrepas.fr\/2025\/le-grand-repas-une-premiere-pour-lehpad-vollat\/#primaryimage\"},\"image\":{\"@id\":\"https:\/\/archives.legrandrepas.fr\/2025\/le-grand-repas-une-premiere-pour-lehpad-vollat\/#primaryimage\"},\"thumbnailUrl\":\"https:\/\/archives.legrandrepas.fr\/2025\/wp-content\/uploads\/2024\/10\/les-chefs-de-l-ehpad-2e-en-partant-de-la-gauche-le-responsable-florian-charpentier-et-animatrices-et-residents-photo-jean-veniant-1728317341.jpg\",\"datePublished\":\"2024-10-09T12:52:14+00:00\",\"dateModified\":\"2024-10-09T12:52:14+00:00\",\"breadcrumb\":{\"@id\":\"https:\/\/archives.legrandrepas.fr\/2025\/le-grand-repas-une-premiere-pour-lehpad-vollat\/#breadcrumb\"},\"inLanguage\":\"fr-FR\",\"potentialAction\":[{\"@type\":\"ReadAction\",\"target\":[\"https:\/\/archives.legrandrepas.fr\/2025\/le-grand-repas-une-premiere-pour-lehpad-vollat\/\"]}]},{\"@type\":\"ImageObject\",\"inLanguage\":\"fr-FR\",\"@id\":\"https:\/\/archives.legrandrepas.fr\/2025\/le-grand-repas-une-premiere-pour-lehpad-vollat\/#primaryimage\",\"url\":\"https:\/\/archives.legrandrepas.fr\/2025\/wp-content\/uploads\/2024\/10\/les-chefs-de-l-ehpad-2e-en-partant-de-la-gauche-le-responsable-florian-charpentier-et-animatrices-et-residents-photo-jean-veniant-1728317341.jpg\",\"contentUrl\":\"https:\/\/archives.legrandrepas.fr\/2025\/wp-content\/uploads\/2024\/10\/les-chefs-de-l-ehpad-2e-en-partant-de-la-gauche-le-responsable-florian-charpentier-et-animatrices-et-residents-photo-jean-veniant-1728317341.jpg\",\"width\":1600,\"height\":901},{\"@type\":\"BreadcrumbList\",\"@id\":\"https:\/\/archives.legrandrepas.fr\/2025\/le-grand-repas-une-premiere-pour-lehpad-vollat\/#breadcrumb\",\"itemListElement\":[{\"@type\":\"ListItem\",\"position\":1,\"name\":\"Accueil\",\"item\":\"https:\/\/archives.legrandrepas.fr\/2025\/\"},{\"@type\":\"ListItem\",\"position\":2,\"name\":\"\u00ab Le grand repas \u00bb : une premi\u00e8re pour l\u2019Ehpad Vollat\"}]},{\"@type\":\"WebSite\",\"@id\":\"https:\/\/archives.legrandrepas.fr\/2025\/#website\",\"url\":\"https:\/\/archives.legrandrepas.fr\/2025\/\",\"name\":\"Le Grand Repas\",\"description\":\"Le m\u00eame menu, le m\u00eame jour,  partag\u00e9 par tous les citoyens d&#039;un m\u00eame territoire\",\"publisher\":{\"@id\":\"https:\/\/archives.legrandrepas.fr\/2025\/#organization\"},\"potentialAction\":[{\"@type\":\"SearchAction\",\"target\":{\"@type\":\"EntryPoint\",\"urlTemplate\":\"https:\/\/archives.legrandrepas.fr\/2025\/?s={search_term_string}\"},\"query-input\":\"required name=search_term_string\"}],\"inLanguage\":\"fr-FR\"},{\"@type\":\"Organization\",\"@id\":\"https:\/\/archives.legrandrepas.fr\/2025\/#organization\",\"name\":\"Association Le Grand Repas\",\"url\":\"https:\/\/archives.legrandrepas.fr\/2025\/\",\"logo\":{\"@type\":\"ImageObject\",\"inLanguage\":\"fr-FR\",\"@id\":\"https:\/\/archives.legrandrepas.fr\/2025\/#\/schema\/logo\/image\/\",\"url\":\"https:\/\/archives.legrandrepas.fr\/wp-content\/uploads\/2022\/06\/logo-LGR.png\",\"contentUrl\":\"https:\/\/archives.legrandrepas.fr\/wp-content\/uploads\/2022\/06\/logo-LGR.png\",\"width\":1280,\"height\":1278,\"caption\":\"Association Le Grand Repas\"},\"image\":{\"@id\":\"https:\/\/archives.legrandrepas.fr\/2025\/#\/schema\/logo\/image\/\"},\"sameAs\":[\"https:\/\/www.facebook.com\/LeGrandRepas\/\",\"https:\/\/www.linkedin.com\/company\/79483218\/admin\/notifications\/all\/\",\"https:\/\/www.instagram.com\/LeGrandRepas\/\"]},{\"@type\":\"Person\",\"@id\":\"https:\/\/archives.legrandrepas.fr\/2025\/#\/schema\/person\/b4e70f903b8278f9f67062be06395db8\",\"name\":\"EMMA FOUQUET\",\"image\":{\"@type\":\"ImageObject\",\"inLanguage\":\"fr-FR\",\"@id\":\"https:\/\/archives.legrandrepas.fr\/2025\/#\/schema\/person\/image\/\",\"url\":\"https:\/\/secure.gravatar.com\/avatar\/a4a94f502e0629141d15865102af30da15157583385abe46738d0d953b3906f9?s=96&d=mm&r=g\",\"contentUrl\":\"https:\/\/secure.gravatar.com\/avatar\/a4a94f502e0629141d15865102af30da15157583385abe46738d0d953b3906f9?s=96&d=mm&r=g\",\"caption\":\"EMMA FOUQUET\"},\"url\":\"https:\/\/archives.legrandrepas.fr\/2025\"}]}<\/script>\n<!-- \/ Yoast SEO plugin. -->","yoast_head_json":{"title":"\u00ab Le grand repas \u00bb : une premi\u00e8re pour l\u2019Ehpad Vollat - Le Grand Repas","robots":{"index":"index","follow":"follow","max-snippet":"max-snippet:-1","max-image-preview":"max-image-preview:large","max-video-preview":"max-video-preview:-1"},"canonical":"https:\/\/archives.legrandrepas.fr\/2025\/le-grand-repas-une-premiere-pour-lehpad-vollat\/","og_locale":"fr_FR","og_type":"article","og_title":"\u00ab Le grand repas \u00bb : une premi\u00e8re pour l\u2019Ehpad Vollat - Le Grand Repas","og_description":"\u00ab Le grand repas \u00bb : une premi\u00e8re pour l\u2019Ehpad Vollat Jeudi 3\u00a0octobre, les talents des chefs de cuisine de l\u2019Ehpad Vollat \u00e9taient mis \u00e0 contribution pour l\u2019\u00e9v\u00e9nement national du grand repas, pour le plus grand bonheur des r\u00e9sidents. Lire la suite","og_url":"https:\/\/archives.legrandrepas.fr\/2025\/le-grand-repas-une-premiere-pour-lehpad-vollat\/","og_site_name":"Le Grand Repas","article_publisher":"https:\/\/www.facebook.com\/LeGrandRepas\/","article_published_time":"2024-10-09T12:52:14+00:00","og_image":[{"width":1600,"height":901,"url":"https:\/\/archives.legrandrepas.fr\/2025\/wp-content\/uploads\/2024\/10\/les-chefs-de-l-ehpad-2e-en-partant-de-la-gauche-le-responsable-florian-charpentier-et-animatrices-et-residents-photo-jean-veniant-1728317341.jpg","type":"image\/jpeg"}],"author":"EMMA FOUQUET","twitter_card":"summary_large_image","twitter_misc":{"\u00c9crit par":"EMMA FOUQUET","Dur\u00e9e de lecture estim\u00e9e":"1 minute"},"schema":{"@context":"https:\/\/schema.org","@graph":[{"@type":"Article","@id":"https:\/\/archives.legrandrepas.fr\/2025\/le-grand-repas-une-premiere-pour-lehpad-vollat\/#article","isPartOf":{"@id":"https:\/\/archives.legrandrepas.fr\/2025\/le-grand-repas-une-premiere-pour-lehpad-vollat\/"},"author":{"name":"EMMA FOUQUET","@id":"https:\/\/archives.legrandrepas.fr\/2025\/#\/schema\/person\/b4e70f903b8278f9f67062be06395db8"},"headline":"\u00ab Le grand repas \u00bb : une premi\u00e8re pour l\u2019Ehpad Vollat","datePublished":"2024-10-09T12:52:14+00:00","dateModified":"2024-10-09T12:52:14+00:00","mainEntityOfPage":{"@id":"https:\/\/archives.legrandrepas.fr\/2025\/le-grand-repas-une-premiere-pour-lehpad-vollat\/"},"wordCount":54,"publisher":{"@id":"https:\/\/archives.legrandrepas.fr\/2025\/#organization"},"image":{"@id":"https:\/\/archives.legrandrepas.fr\/2025\/le-grand-repas-une-premiere-pour-lehpad-vollat\/#primaryimage"},"thumbnailUrl":"https:\/\/archives.legrandrepas.fr\/2025\/wp-content\/uploads\/2024\/10\/les-chefs-de-l-ehpad-2e-en-partant-de-la-gauche-le-responsable-florian-charpentier-et-animatrices-et-residents-photo-jean-veniant-1728317341.jpg","inLanguage":"fr-FR"},{"@type":"WebPage","@id":"https:\/\/archives.legrandrepas.fr\/2025\/le-grand-repas-une-premiere-pour-lehpad-vollat\/","url":"https:\/\/archives.legrandrepas.fr\/2025\/le-grand-repas-une-premiere-pour-lehpad-vollat\/","name":"\u00ab Le grand repas \u00bb : une premi\u00e8re pour l\u2019Ehpad Vollat - Le Grand Repas","isPartOf":{"@id":"https:\/\/archives.legrandrepas.fr\/2025\/#website"},"primaryImageOfPage":{"@id":"https:\/\/archives.legrandrepas.fr\/2025\/le-grand-repas-une-premiere-pour-lehpad-vollat\/#primaryimage"},"image":{"@id":"https:\/\/archives.legrandrepas.fr\/2025\/le-grand-repas-une-premiere-pour-lehpad-vollat\/#primaryimage"},"thumbnailUrl":"https:\/\/archives.legrandrepas.fr\/2025\/wp-content\/uploads\/2024\/10\/les-chefs-de-l-ehpad-2e-en-partant-de-la-gauche-le-responsable-florian-charpentier-et-animatrices-et-residents-photo-jean-veniant-1728317341.jpg","datePublished":"2024-10-09T12:52:14+00:00","dateModified":"2024-10-09T12:52:14+00:00","breadcrumb":{"@id":"https:\/\/archives.legrandrepas.fr\/2025\/le-grand-repas-une-premiere-pour-lehpad-vollat\/#breadcrumb"},"inLanguage":"fr-FR","potentialAction":[{"@type":"ReadAction","target":["https:\/\/archives.legrandrepas.fr\/2025\/le-grand-repas-une-premiere-pour-lehpad-vollat\/"]}]},{"@type":"ImageObject","inLanguage":"fr-FR","@id":"https:\/\/archives.legrandrepas.fr\/2025\/le-grand-repas-une-premiere-pour-lehpad-vollat\/#primaryimage","url":"https:\/\/archives.legrandrepas.fr\/2025\/wp-content\/uploads\/2024\/10\/les-chefs-de-l-ehpad-2e-en-partant-de-la-gauche-le-responsable-florian-charpentier-et-animatrices-et-residents-photo-jean-veniant-1728317341.jpg","contentUrl":"https:\/\/archives.legrandrepas.fr\/2025\/wp-content\/uploads\/2024\/10\/les-chefs-de-l-ehpad-2e-en-partant-de-la-gauche-le-responsable-florian-charpentier-et-animatrices-et-residents-photo-jean-veniant-1728317341.jpg","width":1600,"height":901},{"@type":"BreadcrumbList","@id":"https:\/\/archives.legrandrepas.fr\/2025\/le-grand-repas-une-premiere-pour-lehpad-vollat\/#breadcrumb","itemListElement":[{"@type":"ListItem","position":1,"name":"Accueil","item":"https:\/\/archives.legrandrepas.fr\/2025\/"},{"@type":"ListItem","position":2,"name":"\u00ab Le grand repas \u00bb : une premi\u00e8re pour l\u2019Ehpad Vollat"}]},{"@type":"WebSite","@id":"https:\/\/archives.legrandrepas.fr\/2025\/#website","url":"https:\/\/archives.legrandrepas.fr\/2025\/","name":"Le Grand Repas","description":"Le m\u00eame menu, le m\u00eame jour,  partag\u00e9 par tous les citoyens d&#039;un m\u00eame territoire","publisher":{"@id":"https:\/\/archives.legrandrepas.fr\/2025\/#organization"},"potentialAction":[{"@type":"SearchAction","target":{"@type":"EntryPoint","urlTemplate":"https:\/\/archives.legrandrepas.fr\/2025\/?s={search_term_string}"},"query-input":"required name=search_term_string"}],"inLanguage":"fr-FR"},{"@type":"Organization","@id":"https:\/\/archives.legrandrepas.fr\/2025\/#organization","name":"Association Le Grand Repas","url":"https:\/\/archives.legrandrepas.fr\/2025\/","logo":{"@type":"ImageObject","inLanguage":"fr-FR","@id":"https:\/\/archives.legrandrepas.fr\/2025\/#\/schema\/logo\/image\/","url":"https:\/\/archives.legrandrepas.fr\/wp-content\/uploads\/2022\/06\/logo-LGR.png","contentUrl":"https:\/\/archives.legrandrepas.fr\/wp-content\/uploads\/2022\/06\/logo-LGR.png","width":1280,"height":1278,"caption":"Association Le Grand Repas"},"image":{"@id":"https:\/\/archives.legrandrepas.fr\/2025\/#\/schema\/logo\/image\/"},"sameAs":["https:\/\/www.facebook.com\/LeGrandRepas\/","https:\/\/www.linkedin.com\/company\/79483218\/admin\/notifications\/all\/","https:\/\/www.instagram.com\/LeGrandRepas\/"]},{"@type":"Person","@id":"https:\/\/archives.legrandrepas.fr\/2025\/#\/schema\/person\/b4e70f903b8278f9f67062be06395db8","name":"EMMA FOUQUET","image":{"@type":"ImageObject","inLanguage":"fr-FR","@id":"https:\/\/archives.legrandrepas.fr\/2025\/#\/schema\/person\/image\/","url":"https:\/\/secure.gravatar.com\/avatar\/a4a94f502e0629141d15865102af30da15157583385abe46738d0d953b3906f9?s=96&d=mm&r=g","contentUrl":"https:\/\/secure.gravatar.com\/avatar\/a4a94f502e0629141d15865102af30da15157583385abe46738d0d953b3906f9?s=96&d=mm&r=g","caption":"EMMA FOUQUET"},"url":"https:\/\/archives.legrandrepas.fr\/2025"}]}},"_links":{"self":[{"href":"https:\/\/archives.legrandrepas.fr\/2025\/wp-json\/wp\/v2\/posts\/9846","targetHints":{"allow":["GET"]}}],"collection":[{"href":"https:\/\/archives.legrandrepas.fr\/2025\/wp-json\/wp\/v2\/posts"}],"about":[{"href":"https:\/\/archives.legrandrepas.fr\/2025\/wp-json\/wp\/v2\/types\/post"}],"author":[{"embeddable":true,"href":"https:\/\/archives.legrandrepas.fr\/2025\/wp-json\/wp\/v2\/users\/11"}],"replies":[{"embeddable":true,"href":"https:\/\/archives.legrandrepas.fr\/2025\/wp-json\/wp\/v2\/comments?post=9846"}],"version-history":[{"count":1,"href":"https:\/\/archives.legrandrepas.fr\/2025\/wp-json\/wp\/v2\/posts\/9846\/revisions"}],"predecessor-version":[{"id":9848,"href":"https:\/\/archives.legrandrepas.fr\/2025\/wp-json\/wp\/v2\/posts\/9846\/revisions\/9848"}],"wp:featuredmedia":[{"embeddable":true,"href":"https:\/\/archives.legrandrepas.fr\/2025\/wp-json\/wp\/v2\/media\/9847"}],"wp:attachment":[{"href":"https:\/\/archives.legrandrepas.fr\/2025\/wp-json\/wp\/v2\/media?parent=9846"}],"wp:term":[{"taxonomy":"category","embeddable":true,"href":"https:\/\/archives.legrandrepas.fr\/2025\/wp-json\/wp\/v2\/categories?post=9846"},{"taxonomy":"post_tag","embeddable":true,"href":"https:\/\/archives.legrandrepas.fr\/2025\/wp-json\/wp\/v2\/tags?post=9846"}],"curies":[{"name":"wp","href":"https:\/\/api.w.org\/{rel}","templated":true}]}}