{"id":9990,"date":"2025-01-27T10:14:30","date_gmt":"2025-01-27T09:14:30","guid":{"rendered":"https:\/\/archives.legrandrepas.fr\/?p=9990"},"modified":"2025-01-27T10:18:18","modified_gmt":"2025-01-27T09:18:18","slug":"agenda-2025-les-grands-evenements-culinaires-a-ne-pas-manquer","status":"publish","type":"post","link":"https:\/\/archives.legrandrepas.fr\/2025\/agenda-2025-les-grands-evenements-culinaires-a-ne-pas-manquer\/","title":{"rendered":"Agenda 2025 : les grands \u00e9v\u00e9nements culinaires \u00e0 ne pas manquer"},"content":{"rendered":"<h2 class=\"text-center heading heading--h2\">Agenda 2025 : les grands \u00e9v\u00e9nements culinaires \u00e0 ne pas manquer<\/h2>\n<p class=\"\">Chaque ann\u00e9e,\u00a0<a href=\"https:\/\/fr.gaultmillau.com\/fr\/news\/le-grand-repas-continue-de-grandir-pour-sa-5eme-edition\" target=\"_blank\" rel=\"noopener\">Le Grand Repas<\/a>\u00a0invite les citoyens d\u2019un m\u00eame territoire \u00e0 partager un moment de convivialit\u00e9 autour d\u2019un menu unique. Con\u00e7u par un parrain ou une marraine chef local, ce menu met \u00e0 l\u2019honneur les produits locaux et de saison, incarnant l\u2019identit\u00e9 gastronomique de la r\u00e9gion. L\u2019initiative f\u00e9d\u00e8re les acteurs de la restauration collective et traditionnelle pour cr\u00e9er une exp\u00e9rience culinaire commune, favorisant les rencontres et les \u00e9changes autour de la table. Plus qu\u2019un simple repas, cet \u00e9v\u00e9nement c\u00e9l\u00e8bre la richesse des terroirs, la solidarit\u00e9 et le plaisir du bien-manger, au c\u0153ur de nos territoires.<\/p>\n<ul>\n<li class=\"\">Quand ? Le Grand Repas, le 9 octobre 2025<\/li>\n<li class=\"\">O\u00f9 ? Partout en France m\u00e9tropolitaine et \u00e0 La R\u00e9union<\/li>\n<\/ul>\n<p><a class=\"button button--primary\" href=\"https:\/\/fr.gaultmillau.com\/fr\/news\/agenda-2025-les-grands-evenements-culinaires-a-ne-pas-manquer\">Lire la suite<\/a><\/p>\n","protected":false},"excerpt":{"rendered":"<p>Agenda 2025 : les grands \u00e9v\u00e9nements culinaires \u00e0 ne pas manquer Chaque ann\u00e9e,\u00a0Le Grand Repas\u00a0invite les citoyens d\u2019un m\u00eame territoire \u00e0 partager un moment de convivialit\u00e9 autour d\u2019un menu unique. Con\u00e7u par un parrain ou une marraine chef local, ce menu met \u00e0 l\u2019honneur les produits locaux et de saison, incarnant l\u2019identit\u00e9 gastronomique de la [&hellip;]<\/p>\n","protected":false},"author":3,"featured_media":9992,"comment_status":"closed","ping_status":"closed","sticky":false,"template":"","format":"standard","meta":{"_acf_changed":false,"footnotes":""},"categories":[1],"tags":[],"class_list":["post-9990","post","type-post","status-publish","format-standard","has-post-thumbnail","hentry","category-non-classe"],"acf":[],"yoast_head":"<!-- This site is optimized with the Yoast SEO plugin v22.4 - https:\/\/yoast.com\/wordpress\/plugins\/seo\/ -->\n<title>Agenda 2025 : les grands \u00e9v\u00e9nements culinaires \u00e0 ne pas manquer - Le Grand Repas<\/title>\n<meta name=\"robots\" content=\"index, follow, max-snippet:-1, max-image-preview:large, max-video-preview:-1\" \/>\n<link rel=\"canonical\" href=\"https:\/\/archives.legrandrepas.fr\/2025\/agenda-2025-les-grands-evenements-culinaires-a-ne-pas-manquer\/\" \/>\n<meta property=\"og:locale\" content=\"fr_FR\" \/>\n<meta property=\"og:type\" content=\"article\" \/>\n<meta property=\"og:title\" content=\"Agenda 2025 : les grands \u00e9v\u00e9nements culinaires \u00e0 ne pas manquer - Le Grand Repas\" \/>\n<meta property=\"og:description\" content=\"Agenda 2025 : les grands \u00e9v\u00e9nements culinaires \u00e0 ne pas manquer Chaque ann\u00e9e,\u00a0Le Grand Repas\u00a0invite les citoyens d\u2019un m\u00eame territoire \u00e0 partager un moment de convivialit\u00e9 autour d\u2019un menu unique. Con\u00e7u par un parrain ou une marraine chef local, ce menu met \u00e0 l\u2019honneur les produits locaux et de saison, incarnant l\u2019identit\u00e9 gastronomique de la [&hellip;]\" \/>\n<meta property=\"og:url\" content=\"https:\/\/archives.legrandrepas.fr\/2025\/agenda-2025-les-grands-evenements-culinaires-a-ne-pas-manquer\/\" \/>\n<meta property=\"og:site_name\" content=\"Le Grand Repas\" \/>\n<meta property=\"article:publisher\" content=\"https:\/\/www.facebook.com\/LeGrandRepas\/\" \/>\n<meta property=\"article:published_time\" content=\"2025-01-27T09:14:30+00:00\" \/>\n<meta property=\"article:modified_time\" content=\"2025-01-27T09:18:18+00:00\" \/>\n<meta property=\"og:image\" content=\"https:\/\/archives.legrandrepas.fr\/2025\/wp-content\/uploads\/2025\/01\/channels4_profile.jpg\" \/>\n\t<meta property=\"og:image:width\" content=\"900\" \/>\n\t<meta property=\"og:image:height\" content=\"900\" \/>\n\t<meta property=\"og:image:type\" content=\"image\/jpeg\" \/>\n<meta name=\"author\" content=\"Marketing\" \/>\n<meta name=\"twitter:card\" content=\"summary_large_image\" \/>\n<meta name=\"twitter:label1\" content=\"\u00c9crit par\" \/>\n\t<meta name=\"twitter:data1\" content=\"Marketing\" \/>\n\t<meta name=\"twitter:label2\" content=\"Dur\u00e9e de lecture estim\u00e9e\" \/>\n\t<meta name=\"twitter:data2\" content=\"1 minute\" \/>\n<script type=\"application\/ld+json\" class=\"yoast-schema-graph\">{\"@context\":\"https:\/\/schema.org\",\"@graph\":[{\"@type\":\"Article\",\"@id\":\"https:\/\/archives.legrandrepas.fr\/2025\/agenda-2025-les-grands-evenements-culinaires-a-ne-pas-manquer\/#article\",\"isPartOf\":{\"@id\":\"https:\/\/archives.legrandrepas.fr\/2025\/agenda-2025-les-grands-evenements-culinaires-a-ne-pas-manquer\/\"},\"author\":{\"name\":\"Marketing\",\"@id\":\"https:\/\/archives.legrandrepas.fr\/2025\/#\/schema\/person\/741d8a84c91c57583631ef3b96828a91\"},\"headline\":\"Agenda 2025 : les grands \u00e9v\u00e9nements culinaires \u00e0 ne pas manquer\",\"datePublished\":\"2025-01-27T09:14:30+00:00\",\"dateModified\":\"2025-01-27T09:18:18+00:00\",\"mainEntityOfPage\":{\"@id\":\"https:\/\/archives.legrandrepas.fr\/2025\/agenda-2025-les-grands-evenements-culinaires-a-ne-pas-manquer\/\"},\"wordCount\":149,\"publisher\":{\"@id\":\"https:\/\/archives.legrandrepas.fr\/2025\/#organization\"},\"image\":{\"@id\":\"https:\/\/archives.legrandrepas.fr\/2025\/agenda-2025-les-grands-evenements-culinaires-a-ne-pas-manquer\/#primaryimage\"},\"thumbnailUrl\":\"https:\/\/archives.legrandrepas.fr\/2025\/wp-content\/uploads\/2025\/01\/channels4_profile.jpg\",\"inLanguage\":\"fr-FR\"},{\"@type\":\"WebPage\",\"@id\":\"https:\/\/archives.legrandrepas.fr\/2025\/agenda-2025-les-grands-evenements-culinaires-a-ne-pas-manquer\/\",\"url\":\"https:\/\/archives.legrandrepas.fr\/2025\/agenda-2025-les-grands-evenements-culinaires-a-ne-pas-manquer\/\",\"name\":\"Agenda 2025 : les grands \u00e9v\u00e9nements culinaires \u00e0 ne pas manquer - Le Grand Repas\",\"isPartOf\":{\"@id\":\"https:\/\/archives.legrandrepas.fr\/2025\/#website\"},\"primaryImageOfPage\":{\"@id\":\"https:\/\/archives.legrandrepas.fr\/2025\/agenda-2025-les-grands-evenements-culinaires-a-ne-pas-manquer\/#primaryimage\"},\"image\":{\"@id\":\"https:\/\/archives.legrandrepas.fr\/2025\/agenda-2025-les-grands-evenements-culinaires-a-ne-pas-manquer\/#primaryimage\"},\"thumbnailUrl\":\"https:\/\/archives.legrandrepas.fr\/2025\/wp-content\/uploads\/2025\/01\/channels4_profile.jpg\",\"datePublished\":\"2025-01-27T09:14:30+00:00\",\"dateModified\":\"2025-01-27T09:18:18+00:00\",\"breadcrumb\":{\"@id\":\"https:\/\/archives.legrandrepas.fr\/2025\/agenda-2025-les-grands-evenements-culinaires-a-ne-pas-manquer\/#breadcrumb\"},\"inLanguage\":\"fr-FR\",\"potentialAction\":[{\"@type\":\"ReadAction\",\"target\":[\"https:\/\/archives.legrandrepas.fr\/2025\/agenda-2025-les-grands-evenements-culinaires-a-ne-pas-manquer\/\"]}]},{\"@type\":\"ImageObject\",\"inLanguage\":\"fr-FR\",\"@id\":\"https:\/\/archives.legrandrepas.fr\/2025\/agenda-2025-les-grands-evenements-culinaires-a-ne-pas-manquer\/#primaryimage\",\"url\":\"https:\/\/archives.legrandrepas.fr\/2025\/wp-content\/uploads\/2025\/01\/channels4_profile.jpg\",\"contentUrl\":\"https:\/\/archives.legrandrepas.fr\/2025\/wp-content\/uploads\/2025\/01\/channels4_profile.jpg\",\"width\":900,\"height\":900},{\"@type\":\"BreadcrumbList\",\"@id\":\"https:\/\/archives.legrandrepas.fr\/2025\/agenda-2025-les-grands-evenements-culinaires-a-ne-pas-manquer\/#breadcrumb\",\"itemListElement\":[{\"@type\":\"ListItem\",\"position\":1,\"name\":\"Accueil\",\"item\":\"https:\/\/archives.legrandrepas.fr\/2025\/\"},{\"@type\":\"ListItem\",\"position\":2,\"name\":\"Agenda 2025 : les grands \u00e9v\u00e9nements culinaires \u00e0 ne pas manquer\"}]},{\"@type\":\"WebSite\",\"@id\":\"https:\/\/archives.legrandrepas.fr\/2025\/#website\",\"url\":\"https:\/\/archives.legrandrepas.fr\/2025\/\",\"name\":\"Le Grand Repas\",\"description\":\"Le m\u00eame menu, le m\u00eame jour,  partag\u00e9 par tous les citoyens d&#039;un m\u00eame territoire\",\"publisher\":{\"@id\":\"https:\/\/archives.legrandrepas.fr\/2025\/#organization\"},\"potentialAction\":[{\"@type\":\"SearchAction\",\"target\":{\"@type\":\"EntryPoint\",\"urlTemplate\":\"https:\/\/archives.legrandrepas.fr\/2025\/?s={search_term_string}\"},\"query-input\":\"required name=search_term_string\"}],\"inLanguage\":\"fr-FR\"},{\"@type\":\"Organization\",\"@id\":\"https:\/\/archives.legrandrepas.fr\/2025\/#organization\",\"name\":\"Association Le Grand Repas\",\"url\":\"https:\/\/archives.legrandrepas.fr\/2025\/\",\"logo\":{\"@type\":\"ImageObject\",\"inLanguage\":\"fr-FR\",\"@id\":\"https:\/\/archives.legrandrepas.fr\/2025\/#\/schema\/logo\/image\/\",\"url\":\"https:\/\/archives.legrandrepas.fr\/wp-content\/uploads\/2022\/06\/logo-LGR.png\",\"contentUrl\":\"https:\/\/archives.legrandrepas.fr\/wp-content\/uploads\/2022\/06\/logo-LGR.png\",\"width\":1280,\"height\":1278,\"caption\":\"Association Le Grand Repas\"},\"image\":{\"@id\":\"https:\/\/archives.legrandrepas.fr\/2025\/#\/schema\/logo\/image\/\"},\"sameAs\":[\"https:\/\/www.facebook.com\/LeGrandRepas\/\",\"https:\/\/www.linkedin.com\/company\/79483218\/admin\/notifications\/all\/\",\"https:\/\/www.instagram.com\/LeGrandRepas\/\"]},{\"@type\":\"Person\",\"@id\":\"https:\/\/archives.legrandrepas.fr\/2025\/#\/schema\/person\/741d8a84c91c57583631ef3b96828a91\",\"name\":\"Marketing\",\"image\":{\"@type\":\"ImageObject\",\"inLanguage\":\"fr-FR\",\"@id\":\"https:\/\/archives.legrandrepas.fr\/2025\/#\/schema\/person\/image\/\",\"url\":\"https:\/\/secure.gravatar.com\/avatar\/0a566bf6a53eb5968c1fdede482fc3404300c6186f8126b8967491e3029ed3f6?s=96&d=mm&r=g\",\"contentUrl\":\"https:\/\/secure.gravatar.com\/avatar\/0a566bf6a53eb5968c1fdede482fc3404300c6186f8126b8967491e3029ed3f6?s=96&d=mm&r=g\",\"caption\":\"Marketing\"},\"url\":\"https:\/\/archives.legrandrepas.fr\/2025\"}]}<\/script>\n<!-- \/ Yoast SEO plugin. -->","yoast_head_json":{"title":"Agenda 2025 : les grands \u00e9v\u00e9nements culinaires \u00e0 ne pas manquer - Le Grand Repas","robots":{"index":"index","follow":"follow","max-snippet":"max-snippet:-1","max-image-preview":"max-image-preview:large","max-video-preview":"max-video-preview:-1"},"canonical":"https:\/\/archives.legrandrepas.fr\/2025\/agenda-2025-les-grands-evenements-culinaires-a-ne-pas-manquer\/","og_locale":"fr_FR","og_type":"article","og_title":"Agenda 2025 : les grands \u00e9v\u00e9nements culinaires \u00e0 ne pas manquer - Le Grand Repas","og_description":"Agenda 2025 : les grands \u00e9v\u00e9nements culinaires \u00e0 ne pas manquer Chaque ann\u00e9e,\u00a0Le Grand Repas\u00a0invite les citoyens d\u2019un m\u00eame territoire \u00e0 partager un moment de convivialit\u00e9 autour d\u2019un menu unique. Con\u00e7u par un parrain ou une marraine chef local, ce menu met \u00e0 l\u2019honneur les produits locaux et de saison, incarnant l\u2019identit\u00e9 gastronomique de la [&hellip;]","og_url":"https:\/\/archives.legrandrepas.fr\/2025\/agenda-2025-les-grands-evenements-culinaires-a-ne-pas-manquer\/","og_site_name":"Le Grand Repas","article_publisher":"https:\/\/www.facebook.com\/LeGrandRepas\/","article_published_time":"2025-01-27T09:14:30+00:00","article_modified_time":"2025-01-27T09:18:18+00:00","og_image":[{"width":900,"height":900,"url":"https:\/\/archives.legrandrepas.fr\/2025\/wp-content\/uploads\/2025\/01\/channels4_profile.jpg","type":"image\/jpeg"}],"author":"Marketing","twitter_card":"summary_large_image","twitter_misc":{"\u00c9crit par":"Marketing","Dur\u00e9e de lecture estim\u00e9e":"1 minute"},"schema":{"@context":"https:\/\/schema.org","@graph":[{"@type":"Article","@id":"https:\/\/archives.legrandrepas.fr\/2025\/agenda-2025-les-grands-evenements-culinaires-a-ne-pas-manquer\/#article","isPartOf":{"@id":"https:\/\/archives.legrandrepas.fr\/2025\/agenda-2025-les-grands-evenements-culinaires-a-ne-pas-manquer\/"},"author":{"name":"Marketing","@id":"https:\/\/archives.legrandrepas.fr\/2025\/#\/schema\/person\/741d8a84c91c57583631ef3b96828a91"},"headline":"Agenda 2025 : les grands \u00e9v\u00e9nements culinaires \u00e0 ne pas manquer","datePublished":"2025-01-27T09:14:30+00:00","dateModified":"2025-01-27T09:18:18+00:00","mainEntityOfPage":{"@id":"https:\/\/archives.legrandrepas.fr\/2025\/agenda-2025-les-grands-evenements-culinaires-a-ne-pas-manquer\/"},"wordCount":149,"publisher":{"@id":"https:\/\/archives.legrandrepas.fr\/2025\/#organization"},"image":{"@id":"https:\/\/archives.legrandrepas.fr\/2025\/agenda-2025-les-grands-evenements-culinaires-a-ne-pas-manquer\/#primaryimage"},"thumbnailUrl":"https:\/\/archives.legrandrepas.fr\/2025\/wp-content\/uploads\/2025\/01\/channels4_profile.jpg","inLanguage":"fr-FR"},{"@type":"WebPage","@id":"https:\/\/archives.legrandrepas.fr\/2025\/agenda-2025-les-grands-evenements-culinaires-a-ne-pas-manquer\/","url":"https:\/\/archives.legrandrepas.fr\/2025\/agenda-2025-les-grands-evenements-culinaires-a-ne-pas-manquer\/","name":"Agenda 2025 : les grands \u00e9v\u00e9nements culinaires \u00e0 ne pas manquer - Le Grand Repas","isPartOf":{"@id":"https:\/\/archives.legrandrepas.fr\/2025\/#website"},"primaryImageOfPage":{"@id":"https:\/\/archives.legrandrepas.fr\/2025\/agenda-2025-les-grands-evenements-culinaires-a-ne-pas-manquer\/#primaryimage"},"image":{"@id":"https:\/\/archives.legrandrepas.fr\/2025\/agenda-2025-les-grands-evenements-culinaires-a-ne-pas-manquer\/#primaryimage"},"thumbnailUrl":"https:\/\/archives.legrandrepas.fr\/2025\/wp-content\/uploads\/2025\/01\/channels4_profile.jpg","datePublished":"2025-01-27T09:14:30+00:00","dateModified":"2025-01-27T09:18:18+00:00","breadcrumb":{"@id":"https:\/\/archives.legrandrepas.fr\/2025\/agenda-2025-les-grands-evenements-culinaires-a-ne-pas-manquer\/#breadcrumb"},"inLanguage":"fr-FR","potentialAction":[{"@type":"ReadAction","target":["https:\/\/archives.legrandrepas.fr\/2025\/agenda-2025-les-grands-evenements-culinaires-a-ne-pas-manquer\/"]}]},{"@type":"ImageObject","inLanguage":"fr-FR","@id":"https:\/\/archives.legrandrepas.fr\/2025\/agenda-2025-les-grands-evenements-culinaires-a-ne-pas-manquer\/#primaryimage","url":"https:\/\/archives.legrandrepas.fr\/2025\/wp-content\/uploads\/2025\/01\/channels4_profile.jpg","contentUrl":"https:\/\/archives.legrandrepas.fr\/2025\/wp-content\/uploads\/2025\/01\/channels4_profile.jpg","width":900,"height":900},{"@type":"BreadcrumbList","@id":"https:\/\/archives.legrandrepas.fr\/2025\/agenda-2025-les-grands-evenements-culinaires-a-ne-pas-manquer\/#breadcrumb","itemListElement":[{"@type":"ListItem","position":1,"name":"Accueil","item":"https:\/\/archives.legrandrepas.fr\/2025\/"},{"@type":"ListItem","position":2,"name":"Agenda 2025 : les grands \u00e9v\u00e9nements culinaires \u00e0 ne pas manquer"}]},{"@type":"WebSite","@id":"https:\/\/archives.legrandrepas.fr\/2025\/#website","url":"https:\/\/archives.legrandrepas.fr\/2025\/","name":"Le Grand Repas","description":"Le m\u00eame menu, le m\u00eame jour,  partag\u00e9 par tous les citoyens d&#039;un m\u00eame territoire","publisher":{"@id":"https:\/\/archives.legrandrepas.fr\/2025\/#organization"},"potentialAction":[{"@type":"SearchAction","target":{"@type":"EntryPoint","urlTemplate":"https:\/\/archives.legrandrepas.fr\/2025\/?s={search_term_string}"},"query-input":"required name=search_term_string"}],"inLanguage":"fr-FR"},{"@type":"Organization","@id":"https:\/\/archives.legrandrepas.fr\/2025\/#organization","name":"Association Le Grand Repas","url":"https:\/\/archives.legrandrepas.fr\/2025\/","logo":{"@type":"ImageObject","inLanguage":"fr-FR","@id":"https:\/\/archives.legrandrepas.fr\/2025\/#\/schema\/logo\/image\/","url":"https:\/\/archives.legrandrepas.fr\/wp-content\/uploads\/2022\/06\/logo-LGR.png","contentUrl":"https:\/\/archives.legrandrepas.fr\/wp-content\/uploads\/2022\/06\/logo-LGR.png","width":1280,"height":1278,"caption":"Association Le Grand Repas"},"image":{"@id":"https:\/\/archives.legrandrepas.fr\/2025\/#\/schema\/logo\/image\/"},"sameAs":["https:\/\/www.facebook.com\/LeGrandRepas\/","https:\/\/www.linkedin.com\/company\/79483218\/admin\/notifications\/all\/","https:\/\/www.instagram.com\/LeGrandRepas\/"]},{"@type":"Person","@id":"https:\/\/archives.legrandrepas.fr\/2025\/#\/schema\/person\/741d8a84c91c57583631ef3b96828a91","name":"Marketing","image":{"@type":"ImageObject","inLanguage":"fr-FR","@id":"https:\/\/archives.legrandrepas.fr\/2025\/#\/schema\/person\/image\/","url":"https:\/\/secure.gravatar.com\/avatar\/0a566bf6a53eb5968c1fdede482fc3404300c6186f8126b8967491e3029ed3f6?s=96&d=mm&r=g","contentUrl":"https:\/\/secure.gravatar.com\/avatar\/0a566bf6a53eb5968c1fdede482fc3404300c6186f8126b8967491e3029ed3f6?s=96&d=mm&r=g","caption":"Marketing"},"url":"https:\/\/archives.legrandrepas.fr\/2025"}]}},"_links":{"self":[{"href":"https:\/\/archives.legrandrepas.fr\/2025\/wp-json\/wp\/v2\/posts\/9990","targetHints":{"allow":["GET"]}}],"collection":[{"href":"https:\/\/archives.legrandrepas.fr\/2025\/wp-json\/wp\/v2\/posts"}],"about":[{"href":"https:\/\/archives.legrandrepas.fr\/2025\/wp-json\/wp\/v2\/types\/post"}],"author":[{"embeddable":true,"href":"https:\/\/archives.legrandrepas.fr\/2025\/wp-json\/wp\/v2\/users\/3"}],"replies":[{"embeddable":true,"href":"https:\/\/archives.legrandrepas.fr\/2025\/wp-json\/wp\/v2\/comments?post=9990"}],"version-history":[{"count":2,"href":"https:\/\/archives.legrandrepas.fr\/2025\/wp-json\/wp\/v2\/posts\/9990\/revisions"}],"predecessor-version":[{"id":11087,"href":"https:\/\/archives.legrandrepas.fr\/2025\/wp-json\/wp\/v2\/posts\/9990\/revisions\/11087"}],"wp:featuredmedia":[{"embeddable":true,"href":"https:\/\/archives.legrandrepas.fr\/2025\/wp-json\/wp\/v2\/media\/9992"}],"wp:attachment":[{"href":"https:\/\/archives.legrandrepas.fr\/2025\/wp-json\/wp\/v2\/media?parent=9990"}],"wp:term":[{"taxonomy":"category","embeddable":true,"href":"https:\/\/archives.legrandrepas.fr\/2025\/wp-json\/wp\/v2\/categories?post=9990"},{"taxonomy":"post_tag","embeddable":true,"href":"https:\/\/archives.legrandrepas.fr\/2025\/wp-json\/wp\/v2\/tags?post=9990"}],"curies":[{"name":"wp","href":"https:\/\/api.w.org\/{rel}","templated":true}]}}